{"id":38200,"date":"2026-02-18T11:00:21","date_gmt":"2026-02-18T10:00:21","guid":{"rendered":"https:\/\/www.wood-studio-jardin.fr\/?p=38200"},"modified":"2026-03-18T10:08:52","modified_gmt":"2026-03-18T09:08:52","slug":"amenager-lespace-de-travail-ideal-design-et-productivite-avec-wood-studio","status":"publish","type":"post","link":"https:\/\/www.wood-studio-jardin.fr\/extension-maison\/amenager-lespace-de-travail-ideal-design-et-productivite-avec-wood-studio\/","title":{"rendered":"Am\u00e9nager l\u2019espace de travail id\u00e9al : design et productivit\u00e9 avec Wood studio"},"content":{"rendered":"\t\t<div data-elementor-type=\"wp-post\" data-elementor-id=\"38200\" class=\"elementor elementor-38200\">\n\t\t\t\t\t\t\t\t\t<section class=\"elementor-section elementor-top-section elementor-element elementor-element-b345726 elementor-section-boxed elementor-section-height-default elementor-section-height-default\" data-id=\"b345726\" data-element_type=\"section\">\n\t\t\t\t\t\t<div class=\"elementor-container elementor-column-gap-default\">\n\t\t\t\t\t<div class=\"elementor-column elementor-col-100 elementor-top-column elementor-element elementor-element-3c71cc9\" data-id=\"3c71cc9\" data-element_type=\"column\">\n\t\t\t<div class=\"elementor-widget-wrap elementor-element-populated\">\n\t\t\t\t\t\t\t\t<div class=\"elementor-element elementor-element-920b323 elementor-widget elementor-widget-heading\" data-id=\"920b323\" data-element_type=\"widget\" data-widget_type=\"heading.default\">\n\t\t\t\t<div class=\"elementor-widget-container\">\n\t\t\t<style>\/*! elementor - v3.18.0 - 20-12-2023 *\/\n.elementor-heading-title{padding:0;margin:0;line-height:1}.elementor-widget-heading .elementor-heading-title[class*=elementor-size-]>a{color:inherit;font-size:inherit;line-height:inherit}.elementor-widget-heading .elementor-heading-title.elementor-size-small{font-size:15px}.elementor-widget-heading .elementor-heading-title.elementor-size-medium{font-size:19px}.elementor-widget-heading .elementor-heading-title.elementor-size-large{font-size:29px}.elementor-widget-heading .elementor-heading-title.elementor-size-xl{font-size:39px}.elementor-widget-heading .elementor-heading-title.elementor-size-xxl{font-size:59px}<\/style><h1 class=\"elementor-heading-title elementor-size-default\"><strong>Am\u00e9nager l\u2019espace de travail Id\u00e9al :<\/strong> design et productivit\u00e9 avec Wood studio <\/h1>\t\t<\/div>\n\t\t\t\t<\/div>\n\t\t\t\t<div class=\"elementor-element elementor-element-54ff8fd elementor-widget-divider--view-line elementor-widget elementor-widget-divider\" data-id=\"54ff8fd\" data-element_type=\"widget\" data-widget_type=\"divider.default\">\n\t\t\t\t<div class=\"elementor-widget-container\">\n\t\t\t<style>\/*! elementor - v3.18.0 - 20-12-2023 *\/\n.elementor-widget-divider{--divider-border-style:none;--divider-border-width:1px;--divider-color:#0c0d0e;--divider-icon-size:20px;--divider-element-spacing:10px;--divider-pattern-height:24px;--divider-pattern-size:20px;--divider-pattern-url:none;--divider-pattern-repeat:repeat-x}.elementor-widget-divider .elementor-divider{display:flex}.elementor-widget-divider .elementor-divider__text{font-size:15px;line-height:1;max-width:95%}.elementor-widget-divider .elementor-divider__element{margin:0 var(--divider-element-spacing);flex-shrink:0}.elementor-widget-divider .elementor-icon{font-size:var(--divider-icon-size)}.elementor-widget-divider .elementor-divider-separator{display:flex;margin:0;direction:ltr}.elementor-widget-divider--view-line_icon .elementor-divider-separator,.elementor-widget-divider--view-line_text .elementor-divider-separator{align-items:center}.elementor-widget-divider--view-line_icon .elementor-divider-separator:after,.elementor-widget-divider--view-line_icon .elementor-divider-separator:before,.elementor-widget-divider--view-line_text .elementor-divider-separator:after,.elementor-widget-divider--view-line_text .elementor-divider-separator:before{display:block;content:\"\";border-bottom:0;flex-grow:1;border-top:var(--divider-border-width) var(--divider-border-style) var(--divider-color)}.elementor-widget-divider--element-align-left .elementor-divider .elementor-divider-separator>.elementor-divider__svg:first-of-type{flex-grow:0;flex-shrink:100}.elementor-widget-divider--element-align-left .elementor-divider-separator:before{content:none}.elementor-widget-divider--element-align-left .elementor-divider__element{margin-left:0}.elementor-widget-divider--element-align-right .elementor-divider .elementor-divider-separator>.elementor-divider__svg:last-of-type{flex-grow:0;flex-shrink:100}.elementor-widget-divider--element-align-right .elementor-divider-separator:after{content:none}.elementor-widget-divider--element-align-right .elementor-divider__element{margin-right:0}.elementor-widget-divider:not(.elementor-widget-divider--view-line_text):not(.elementor-widget-divider--view-line_icon) .elementor-divider-separator{border-top:var(--divider-border-width) var(--divider-border-style) var(--divider-color)}.elementor-widget-divider--separator-type-pattern{--divider-border-style:none}.elementor-widget-divider--separator-type-pattern.elementor-widget-divider--view-line .elementor-divider-separator,.elementor-widget-divider--separator-type-pattern:not(.elementor-widget-divider--view-line) .elementor-divider-separator:after,.elementor-widget-divider--separator-type-pattern:not(.elementor-widget-divider--view-line) .elementor-divider-separator:before,.elementor-widget-divider--separator-type-pattern:not([class*=elementor-widget-divider--view]) .elementor-divider-separator{width:100%;min-height:var(--divider-pattern-height);-webkit-mask-size:var(--divider-pattern-size) 100%;mask-size:var(--divider-pattern-size) 100%;-webkit-mask-repeat:var(--divider-pattern-repeat);mask-repeat:var(--divider-pattern-repeat);background-color:var(--divider-color);-webkit-mask-image:var(--divider-pattern-url);mask-image:var(--divider-pattern-url)}.elementor-widget-divider--no-spacing{--divider-pattern-size:auto}.elementor-widget-divider--bg-round{--divider-pattern-repeat:round}.rtl .elementor-widget-divider .elementor-divider__text{direction:rtl}.e-con-inner>.elementor-widget-divider,.e-con>.elementor-widget-divider{width:var(--container-widget-width,100%);--flex-grow:var(--container-widget-flex-grow)}<\/style>\t\t<div class=\"elementor-divider\">\n\t\t\t<span class=\"elementor-divider-separator\">\n\t\t\t\t\t\t<\/span>\n\t\t<\/div>\n\t\t\t\t<\/div>\n\t\t\t\t<\/div>\n\t\t\t\t<div class=\"elementor-element elementor-element-b4e9999 elementor-widget elementor-widget-text-editor\" data-id=\"b4e9999\" data-element_type=\"widget\" data-widget_type=\"text-editor.default\">\n\t\t\t\t<div class=\"elementor-widget-container\">\n\t\t\t<style>\/*! elementor - v3.18.0 - 20-12-2023 *\/\n.elementor-widget-text-editor.elementor-drop-cap-view-stacked .elementor-drop-cap{background-color:#69727d;color:#fff}.elementor-widget-text-editor.elementor-drop-cap-view-framed .elementor-drop-cap{color:#69727d;border:3px solid;background-color:transparent}.elementor-widget-text-editor:not(.elementor-drop-cap-view-default) .elementor-drop-cap{margin-top:8px}.elementor-widget-text-editor:not(.elementor-drop-cap-view-default) .elementor-drop-cap-letter{width:1em;height:1em}.elementor-widget-text-editor .elementor-drop-cap{float:left;text-align:center;line-height:1;font-size:50px}.elementor-widget-text-editor .elementor-drop-cap-letter{display:inline-block}<\/style>\t\t\t\t<p>\u00c0 l\u2019\u00e8re du <strong>t\u00e9l\u00e9travail<\/strong> et de la recherche d\u2019\u00e9quilibre entre vie professionnelle et personnelle, l\u2019am\u00e9nagement d\u2019un <strong>espace de travail adapt\u00e9<\/strong> est devenu une priorit\u00e9. Que ce soit dans un <strong>bureau de jardin, un studio de jardin ou un coin d\u00e9di\u00e9 \u00e0 la maison,<\/strong> un environnement bien pens\u00e9 booste la productivit\u00e9, le bien-\u00eatre et la cr\u00e9ativit\u00e9.<\/p><p><strong>Chez Wood Studio, \u00e0 Landivisiau<\/strong>, nous concevons des espaces de travail sur mesure, alliant <strong>design, ergonomie et fonctionnalit\u00e9.<br \/><\/strong>D\u00e9couvrez comment transformer votre espace en un lieu inspirant, adapt\u00e9 \u00e0 vos besoins.<\/p>\t\t\t\t\t\t<\/div>\n\t\t\t\t<\/div>\n\t\t\t\t\t<\/div>\n\t\t<\/div>\n\t\t\t\t\t\t\t<\/div>\n\t\t<\/section>\n\t\t<div class=\"elementor-element elementor-element-5740c76 e-flex e-con-boxed e-con e-parent\" data-id=\"5740c76\" data-element_type=\"container\" data-settings=\"{&quot;container_type&quot;:&quot;flex&quot;,&quot;content_width&quot;:&quot;boxed&quot;}\" data-core-v316-plus=\"true\">\n\t\t\t\t\t<div class=\"e-con-inner\">\n\t\t<div class=\"elementor-element elementor-element-e52cba0 e-con-full e-flex e-con e-child\" data-id=\"e52cba0\" data-element_type=\"container\" data-settings=\"{&quot;content_width&quot;:&quot;full&quot;,&quot;container_type&quot;:&quot;flex&quot;}\">\n\t\t\t\t<div class=\"elementor-element elementor-element-3faaf13 elementor-widget elementor-widget-image\" data-id=\"3faaf13\" data-element_type=\"widget\" data-widget_type=\"image.default\">\n\t\t\t\t<div class=\"elementor-widget-container\">\n\t\t\t<style>\/*! elementor - v3.18.0 - 20-12-2023 *\/\n.elementor-widget-image{text-align:center}.elementor-widget-image a{display:inline-block}.elementor-widget-image a img[src$=\".svg\"]{width:48px}.elementor-widget-image img{vertical-align:middle;display:inline-block}<\/style>\t\t\t\t\t\t\t\t\t\t\t\t<img fetchpriority=\"high\" decoding=\"async\" width=\"1024\" height=\"385\" src=\"https:\/\/www.wood-studio-jardin.fr\/app\/uploads\/sites\/88\/2025\/12\/amenagement-interieur-studio-etudiant-1024x385.jpg\" class=\"attachment-large size-large wp-image-37896\" alt=\"\" \/>\t\t\t\t\t\t\t\t\t\t\t\t\t\t\t<\/div>\n\t\t\t\t<\/div>\n\t\t\t\t<\/div>\n\t\t<div class=\"elementor-element elementor-element-a550dc2 e-con-full e-flex e-con e-child\" data-id=\"a550dc2\" data-element_type=\"container\" data-settings=\"{&quot;content_width&quot;:&quot;full&quot;,&quot;container_type&quot;:&quot;flex&quot;}\">\n\t\t\t\t<div class=\"elementor-element elementor-element-be3d6c5 elementor-widget elementor-widget-heading\" data-id=\"be3d6c5\" data-element_type=\"widget\" data-widget_type=\"heading.default\">\n\t\t\t\t<div class=\"elementor-widget-container\">\n\t\t\t<h2 class=\"elementor-heading-title elementor-size-default\">Comment cr\u00e9er un <strong>espace de travail<\/strong> chez soi ? <\/h2>\t\t<\/div>\n\t\t\t\t<\/div>\n\t\t\t\t<div class=\"elementor-element elementor-element-f3e737e elementor-widget elementor-widget-text-editor\" data-id=\"f3e737e\" data-element_type=\"widget\" data-widget_type=\"text-editor.default\">\n\t\t\t\t<div class=\"elementor-widget-container\">\n\t\t\t\t\t\t\t<p>Am\u00e9nager un espace de travail \u00e0 domicile est essentiel pour allier <strong>productivit\u00e9 et confort,<\/strong> surtout avec la g\u00e9n\u00e9ralisation du t\u00e9l\u00e9travail.<\/p><p><strong>Choisir l\u2019emplacement id\u00e9al<br \/><\/strong>Pour un espace de travail efficace :<br \/><br \/><\/p><ul><li><strong>Privil\u00e9giez un endroit calme<\/strong>, loin des distractions.<\/li><li><strong>Optez pour un espace lumineux<\/strong>, pr\u00e8s d\u2019une fen\u00eatre pour profiter de la lumi\u00e8re naturelle.<\/li><li><strong>D\u00e9limitez clairement votre zone de travail<\/strong>, m\u00eame dans un petit espace.<\/li><\/ul><p>Si vous manquez de place, un bureau de jardin ou un studio de jardin est une solution id\u00e9ale pour gagner en confort et en isolation.<\/p>\t\t\t\t\t\t<\/div>\n\t\t\t\t<\/div>\n\t\t\t\t<div class=\"elementor-element elementor-element-b9cfac5 elementor-align-center elementor-widget elementor-widget-button\" data-id=\"b9cfac5\" data-element_type=\"widget\" data-widget_type=\"button.default\">\n\t\t\t\t<div class=\"elementor-widget-container\">\n\t\t\t\t\t<div class=\"elementor-button-wrapper\">\n\t\t\t<a class=\"elementor-button elementor-button-link elementor-size-sm\" href=\"https:\/\/www.wood-studio-jardin.fr\/modeles-studio-jardin-extension-maison\/\">\n\t\t\t\t\t\t<span class=\"elementor-button-content-wrapper\">\n\t\t\t\t\t\t<span class=\"elementor-button-text\">Voir nos studios<\/span>\n\t\t<\/span>\n\t\t\t\t\t<\/a>\n\t\t<\/div>\n\t\t\t\t<\/div>\n\t\t\t\t<\/div>\n\t\t\t\t<\/div>\n\t\t\t\t\t<\/div>\n\t\t\t\t<\/div>\n\t\t\t\t<section class=\"elementor-section elementor-top-section elementor-element elementor-element-07e56ef elementor-section-boxed elementor-section-height-default elementor-section-height-default\" data-id=\"07e56ef\" data-element_type=\"section\">\n\t\t\t\t\t\t<div class=\"elementor-container elementor-column-gap-default\">\n\t\t\t\t\t<div class=\"elementor-column elementor-col-100 elementor-top-column elementor-element elementor-element-7bd4512\" data-id=\"7bd4512\" data-element_type=\"column\">\n\t\t\t<div class=\"elementor-widget-wrap elementor-element-populated\">\n\t\t\t\t\t\t\t\t<div class=\"elementor-element elementor-element-643a390 elementor-widget elementor-widget-heading\" data-id=\"643a390\" data-element_type=\"widget\" data-widget_type=\"heading.default\">\n\t\t\t\t<div class=\"elementor-widget-container\">\n\t\t\t<h2 class=\"elementor-heading-title elementor-size-default\">Pourquoi opter pour un <strong>bureau de jardin ou un studio de jardin ?<\/strong><\/h2>\t\t<\/div>\n\t\t\t\t<\/div>\n\t\t\t\t<div class=\"elementor-element elementor-element-db5ca74 elementor-widget elementor-widget-text-editor\" data-id=\"db5ca74\" data-element_type=\"widget\" data-widget_type=\"text-editor.default\">\n\t\t\t\t<div class=\"elementor-widget-container\">\n\t\t\t\t\t\t\t<p><strong>Un espace d\u00e9di\u00e9 pour le t\u00e9l\u00e9travail<\/strong><\/p><p>Avec la g\u00e9n\u00e9ralisation du <strong>t\u00e9l\u00e9travail<\/strong>, disposer d\u2019un espace isol\u00e9 des distractions domestiques est essentiel. Un <strong>bureau de jardin<\/strong> ou un <strong>studio de jardin<\/strong> offre :<br \/><br \/><\/p><ul><li><strong>Une s\u00e9paration claire<\/strong> entre vie professionnelle et personnelle.<\/li><li><strong>Un cadre inspirant<\/strong>, entour\u00e9 de nature, pour stimuler la cr\u00e9ativit\u00e9.<\/li><li><strong>Un gain de place<\/strong> dans la maison, tout en ajoutant une valeur esth\u00e9tique et fonctionnelle \u00e0 votre ext\u00e9rieur.<\/li><\/ul>\t\t\t\t\t\t<\/div>\n\t\t\t\t<\/div>\n\t\t\t\t\t<\/div>\n\t\t<\/div>\n\t\t\t\t\t\t\t<\/div>\n\t\t<\/section>\n\t\t<div class=\"elementor-element elementor-element-94b5a9d e-flex e-con-boxed e-con e-parent\" data-id=\"94b5a9d\" data-element_type=\"container\" data-settings=\"{&quot;container_type&quot;:&quot;flex&quot;,&quot;content_width&quot;:&quot;boxed&quot;}\" data-core-v316-plus=\"true\">\n\t\t\t\t\t<div class=\"e-con-inner\">\n\t\t\t\t<div class=\"elementor-element elementor-element-5b18d1c elementor-widget elementor-widget-image\" data-id=\"5b18d1c\" data-element_type=\"widget\" data-widget_type=\"image.default\">\n\t\t\t\t<div class=\"elementor-widget-container\">\n\t\t\t\t\t\t\t\t\t\t\t\t\t\t\t<img decoding=\"async\" width=\"1024\" height=\"576\" src=\"https:\/\/www.wood-studio-jardin.fr\/app\/uploads\/sites\/88\/2024\/12\/15m\u00b2-ACCESS-Interieur-meuble-1024x576.jpg\" class=\"attachment-large size-large wp-image-37735\" alt=\"\" srcset=\"https:\/\/www.wood-studio-jardin.fr\/app\/uploads\/sites\/88\/2024\/12\/15m\u00b2-ACCESS-Interieur-meuble-1024x576.jpg 1024w, https:\/\/www.wood-studio-jardin.fr\/app\/uploads\/sites\/88\/2024\/12\/15m\u00b2-ACCESS-Interieur-meuble-300x169.jpg 300w, https:\/\/www.wood-studio-jardin.fr\/app\/uploads\/sites\/88\/2024\/12\/15m\u00b2-ACCESS-Interieur-meuble-768x432.jpg 768w, https:\/\/www.wood-studio-jardin.fr\/app\/uploads\/sites\/88\/2024\/12\/15m\u00b2-ACCESS-Interieur-meuble-1536x864.jpg 1536w, https:\/\/www.wood-studio-jardin.fr\/app\/uploads\/sites\/88\/2024\/12\/15m\u00b2-ACCESS-Interieur-meuble-600x338.jpg 600w, https:\/\/www.wood-studio-jardin.fr\/app\/uploads\/sites\/88\/2024\/12\/15m\u00b2-ACCESS-Interieur-meuble.jpg 1600w\" sizes=\"(max-width: 1024px) 100vw, 1024px\" \/>\t\t\t\t\t\t\t\t\t\t\t\t\t\t\t<\/div>\n\t\t\t\t<\/div>\n\t\t<div class=\"elementor-element elementor-element-6f0439c e-con-full e-flex e-con e-child\" data-id=\"6f0439c\" data-element_type=\"container\" data-settings=\"{&quot;content_width&quot;:&quot;full&quot;,&quot;container_type&quot;:&quot;flex&quot;}\">\n\t\t\t\t<div class=\"elementor-element elementor-element-03744f9 elementor-widget__width-initial elementor-widget elementor-widget-heading\" data-id=\"03744f9\" data-element_type=\"widget\" data-widget_type=\"heading.default\">\n\t\t\t\t<div class=\"elementor-widget-container\">\n\t\t\t<h2 class=\"elementor-heading-title elementor-size-default\">Des solutions <strong>modulables et durables<\/strong><\/h2>\t\t<\/div>\n\t\t\t\t<\/div>\n\t\t\t\t<div class=\"elementor-element elementor-element-26b3469 elementor-widget__width-initial elementor-widget elementor-widget-text-editor\" data-id=\"26b3469\" data-element_type=\"widget\" data-widget_type=\"text-editor.default\">\n\t\t\t\t<div class=\"elementor-widget-container\">\n\t\t\t\t\t\t\t<p>Chez <strong>Wood Studio<\/strong>, nous proposons des <strong>bureaux de jardin<\/strong> et <strong>studios de jardin<\/strong> con\u00e7us en mat\u00e9riaux \u00e9coresponsables, avec une isolation optimale pour un confort toute l\u2019ann\u00e9e. Nos mod\u00e8les s\u2019adaptent \u00e0 tous les espaces et \u00e0 tous les budgets.<\/p><p>Am\u00e9nager <strong>un espace de travail id\u00e9al<\/strong> est un investissement pour votre bien-\u00eatre et votre efficacit\u00e9. Que vous optiez pour un bureau de jardin, un studio de jardin ou un coin d\u00e9di\u00e9 dans votre maison, Wood Studio vous accompagne pour cr\u00e9er un environnement ergonomique, design et fonctionnel.<\/p><p>Pr\u00eat \u00e0 construire votre futur espace de travail ? N\u2019h\u00e9sitez pas \u00e0 nous contacter<\/p>\t\t\t\t\t\t<\/div>\n\t\t\t\t<\/div>\n\t\t\t\t<div class=\"elementor-element elementor-element-f737044 elementor-align-center elementor-widget elementor-widget-button\" data-id=\"f737044\" data-element_type=\"widget\" data-widget_type=\"button.default\">\n\t\t\t\t<div class=\"elementor-widget-container\">\n\t\t\t\t\t<div class=\"elementor-button-wrapper\">\n\t\t\t<a class=\"elementor-button elementor-button-link elementor-size-sm\" href=\"https:\/\/www.wood-studio-jardin.fr\/contact\/\">\n\t\t\t\t\t\t<span class=\"elementor-button-content-wrapper\">\n\t\t\t\t\t\t<span class=\"elementor-button-text\">Nous contacter<\/span>\n\t\t<\/span>\n\t\t\t\t\t<\/a>\n\t\t<\/div>\n\t\t\t\t<\/div>\n\t\t\t\t<\/div>\n\t\t\t\t<\/div>\n\t\t\t\t\t<\/div>\n\t\t\t\t<\/div>\n\t\t\t\t\t\t\t<\/div>\n\t\t","protected":false},"excerpt":{"rendered":"<p>Am\u00e9nager l\u2019espace de travail Id\u00e9al : design et productivit\u00e9 avec Wood studio \u00c0 l\u2019\u00e8re du t\u00e9l\u00e9travail et de la recherche d\u2019\u00e9quilibre entre vie professionnelle et personnelle, l\u2019am\u00e9nagement d\u2019un espace de travail adapt\u00e9 est devenu une priorit\u00e9. Que ce soit dans un bureau de jardin, un studio de jardin ou un coin d\u00e9di\u00e9 \u00e0 la maison,&#8230;<\/p>\n","protected":false},"author":3,"featured_media":33669,"comment_status":"closed","ping_status":"open","sticky":false,"template":"","format":"standard","meta":{"_kad_post_transparent":"default","_kad_post_title":"default","_kad_post_layout":"default","_kad_post_sidebar_id":"","_kad_post_content_style":"default","_kad_post_vertical_padding":"default","_kad_post_feature":"","_kad_post_feature_position":"","_kad_post_header":false,"_kad_post_footer":false,"footnotes":""},"categories":[614],"tags":[],"yoast_head":"<!-- This site is optimized with the Yoast SEO plugin v19.2 - https:\/\/yoast.com\/wordpress\/plugins\/seo\/ -->\n<title>Am\u00e9nager l\u2019espace de travail id\u00e9al : design et productivit\u00e9 avec Wood studio - Wood Studio Jardin<\/title>\n<meta name=\"robots\" content=\"index, follow, max-snippet:-1, max-image-preview:large, max-video-preview:-1\" \/>\n<link rel=\"canonical\" href=\"https:\/\/www.wood-studio-jardin.fr\/extension-maison\/amenager-lespace-de-travail-ideal-design-et-productivite-avec-wood-studio\/\" \/>\n<meta property=\"og:locale\" content=\"fr_FR\" \/>\n<meta property=\"og:type\" content=\"article\" \/>\n<meta property=\"og:url\" content=\"https:\/\/www.wood-studio-jardin.fr\/extension-maison\/amenager-lespace-de-travail-ideal-design-et-productivite-avec-wood-studio\/\" \/>\n<meta property=\"og:site_name\" content=\"Wood Studio Jardin\" \/>\n<meta property=\"article:published_time\" content=\"2026-02-18T10:00:21+00:00\" \/>\n<meta property=\"article:modified_time\" content=\"2026-03-18T09:08:52+00:00\" \/>\n<meta property=\"og:image\" content=\"https:\/\/www.wood-studio-jardin.fr\/app\/uploads\/sites\/88\/2022\/04\/photo-studio-23.4-m\u00b2-EXTERIEUR-DU-CATALOGUE.jpeg\" \/>\n\t<meta property=\"og:image:width\" content=\"1024\" \/>\n\t<meta property=\"og:image:height\" content=\"720\" \/>\n\t<meta property=\"og:image:type\" content=\"image\/jpeg\" \/>\n<meta name=\"author\" content=\"Bruno\" \/>\n<meta name=\"twitter:card\" content=\"summary_large_image\" \/>\n<meta name=\"twitter:label1\" content=\"Written by\" \/>\n\t<meta name=\"twitter:data1\" content=\"Bruno\" \/>\n\t<meta name=\"twitter:label2\" content=\"Est. reading time\" \/>\n\t<meta name=\"twitter:data2\" content=\"2 minutes\" \/>\n<script type=\"application\/ld+json\" class=\"yoast-schema-graph\">{\"@context\":\"https:\/\/schema.org\",\"@graph\":[{\"@type\":\"WebSite\",\"@id\":\"https:\/\/www.wood-studio-jardin.fr\/#website\",\"url\":\"https:\/\/www.wood-studio-jardin.fr\/\",\"name\":\"Wood Studio Jardin\",\"description\":\"Studio de jardin, extension de maison sur Brest, Rennes, Vannes, St-Brieuc, Quimper, Lorient, Dinard, Dinan...\",\"potentialAction\":[{\"@type\":\"SearchAction\",\"target\":{\"@type\":\"EntryPoint\",\"urlTemplate\":\"https:\/\/www.wood-studio-jardin.fr\/?s={search_term_string}\"},\"query-input\":\"required name=search_term_string\"}],\"inLanguage\":\"fr-FR\"},{\"@type\":\"ImageObject\",\"inLanguage\":\"fr-FR\",\"@id\":\"https:\/\/www.wood-studio-jardin.fr\/extension-maison\/amenager-lespace-de-travail-ideal-design-et-productivite-avec-wood-studio\/#primaryimage\",\"url\":\"https:\/\/www.wood-studio-jardin.fr\/app\/uploads\/sites\/88\/2022\/04\/photo-studio-23.4-m\u00b2-EXTERIEUR-DU-CATALOGUE.jpeg\",\"contentUrl\":\"https:\/\/www.wood-studio-jardin.fr\/app\/uploads\/sites\/88\/2022\/04\/photo-studio-23.4-m\u00b2-EXTERIEUR-DU-CATALOGUE.jpeg\",\"width\":1024,\"height\":720},{\"@type\":\"WebPage\",\"@id\":\"https:\/\/www.wood-studio-jardin.fr\/extension-maison\/amenager-lespace-de-travail-ideal-design-et-productivite-avec-wood-studio\/#webpage\",\"url\":\"https:\/\/www.wood-studio-jardin.fr\/extension-maison\/amenager-lespace-de-travail-ideal-design-et-productivite-avec-wood-studio\/\",\"name\":\"Am\u00e9nager l\u2019espace de travail id\u00e9al : design et productivit\u00e9 avec Wood studio - Wood Studio Jardin\",\"isPartOf\":{\"@id\":\"https:\/\/www.wood-studio-jardin.fr\/#website\"},\"primaryImageOfPage\":{\"@id\":\"https:\/\/www.wood-studio-jardin.fr\/extension-maison\/amenager-lespace-de-travail-ideal-design-et-productivite-avec-wood-studio\/#primaryimage\"},\"datePublished\":\"2026-02-18T10:00:21+00:00\",\"dateModified\":\"2026-03-18T09:08:52+00:00\",\"author\":{\"@id\":\"https:\/\/www.wood-studio-jardin.fr\/#\/schema\/person\/c569b14d641089edfdd9e00564110bf7\"},\"breadcrumb\":{\"@id\":\"https:\/\/www.wood-studio-jardin.fr\/extension-maison\/amenager-lespace-de-travail-ideal-design-et-productivite-avec-wood-studio\/#breadcrumb\"},\"inLanguage\":\"fr-FR\",\"potentialAction\":[{\"@type\":\"ReadAction\",\"target\":[\"https:\/\/www.wood-studio-jardin.fr\/extension-maison\/amenager-lespace-de-travail-ideal-design-et-productivite-avec-wood-studio\/\"]}]},{\"@type\":\"BreadcrumbList\",\"@id\":\"https:\/\/www.wood-studio-jardin.fr\/extension-maison\/amenager-lespace-de-travail-ideal-design-et-productivite-avec-wood-studio\/#breadcrumb\",\"itemListElement\":[{\"@type\":\"ListItem\",\"position\":1,\"name\":\"Accueil\",\"item\":\"https:\/\/www.wood-studio-jardin.fr\/\"},{\"@type\":\"ListItem\",\"position\":2,\"name\":\"Am\u00e9nager l\u2019espace de travail id\u00e9al : design et productivit\u00e9 avec Wood studio\"}]},{\"@type\":\"Person\",\"@id\":\"https:\/\/www.wood-studio-jardin.fr\/#\/schema\/person\/c569b14d641089edfdd9e00564110bf7\",\"name\":\"Bruno\",\"image\":{\"@type\":\"ImageObject\",\"inLanguage\":\"fr-FR\",\"@id\":\"https:\/\/www.wood-studio-jardin.fr\/#\/schema\/person\/image\/\",\"url\":\"https:\/\/secure.gravatar.com\/avatar\/cc6315449aeca5d2161ea2906cefa118?s=96&d=mm&r=g\",\"contentUrl\":\"https:\/\/secure.gravatar.com\/avatar\/cc6315449aeca5d2161ea2906cefa118?s=96&d=mm&r=g\",\"caption\":\"Bruno\"},\"url\":\"https:\/\/www.wood-studio-jardin.fr\/author\/bruno\/\"}]}<\/script>\n<!-- \/ Yoast SEO plugin. -->","yoast_head_json":{"title":"Am\u00e9nager l\u2019espace de travail id\u00e9al : design et productivit\u00e9 avec Wood studio - Wood Studio Jardin","robots":{"index":"index","follow":"follow","max-snippet":"max-snippet:-1","max-image-preview":"max-image-preview:large","max-video-preview":"max-video-preview:-1"},"canonical":"https:\/\/www.wood-studio-jardin.fr\/extension-maison\/amenager-lespace-de-travail-ideal-design-et-productivite-avec-wood-studio\/","og_locale":"fr_FR","og_type":"article","og_url":"https:\/\/www.wood-studio-jardin.fr\/extension-maison\/amenager-lespace-de-travail-ideal-design-et-productivite-avec-wood-studio\/","og_site_name":"Wood Studio Jardin","article_published_time":"2026-02-18T10:00:21+00:00","article_modified_time":"2026-03-18T09:08:52+00:00","og_image":[{"width":1024,"height":720,"url":"https:\/\/www.wood-studio-jardin.fr\/app\/uploads\/sites\/88\/2022\/04\/photo-studio-23.4-m\u00b2-EXTERIEUR-DU-CATALOGUE.jpeg","type":"image\/jpeg"}],"author":"Bruno","twitter_card":"summary_large_image","twitter_misc":{"Written by":"Bruno","Est. reading time":"2 minutes"},"schema":{"@context":"https:\/\/schema.org","@graph":[{"@type":"WebSite","@id":"https:\/\/www.wood-studio-jardin.fr\/#website","url":"https:\/\/www.wood-studio-jardin.fr\/","name":"Wood Studio Jardin","description":"Studio de jardin, extension de maison sur Brest, Rennes, Vannes, St-Brieuc, Quimper, Lorient, Dinard, Dinan...","potentialAction":[{"@type":"SearchAction","target":{"@type":"EntryPoint","urlTemplate":"https:\/\/www.wood-studio-jardin.fr\/?s={search_term_string}"},"query-input":"required name=search_term_string"}],"inLanguage":"fr-FR"},{"@type":"ImageObject","inLanguage":"fr-FR","@id":"https:\/\/www.wood-studio-jardin.fr\/extension-maison\/amenager-lespace-de-travail-ideal-design-et-productivite-avec-wood-studio\/#primaryimage","url":"https:\/\/www.wood-studio-jardin.fr\/app\/uploads\/sites\/88\/2022\/04\/photo-studio-23.4-m\u00b2-EXTERIEUR-DU-CATALOGUE.jpeg","contentUrl":"https:\/\/www.wood-studio-jardin.fr\/app\/uploads\/sites\/88\/2022\/04\/photo-studio-23.4-m\u00b2-EXTERIEUR-DU-CATALOGUE.jpeg","width":1024,"height":720},{"@type":"WebPage","@id":"https:\/\/www.wood-studio-jardin.fr\/extension-maison\/amenager-lespace-de-travail-ideal-design-et-productivite-avec-wood-studio\/#webpage","url":"https:\/\/www.wood-studio-jardin.fr\/extension-maison\/amenager-lespace-de-travail-ideal-design-et-productivite-avec-wood-studio\/","name":"Am\u00e9nager l\u2019espace de travail id\u00e9al : design et productivit\u00e9 avec Wood studio - Wood Studio Jardin","isPartOf":{"@id":"https:\/\/www.wood-studio-jardin.fr\/#website"},"primaryImageOfPage":{"@id":"https:\/\/www.wood-studio-jardin.fr\/extension-maison\/amenager-lespace-de-travail-ideal-design-et-productivite-avec-wood-studio\/#primaryimage"},"datePublished":"2026-02-18T10:00:21+00:00","dateModified":"2026-03-18T09:08:52+00:00","author":{"@id":"https:\/\/www.wood-studio-jardin.fr\/#\/schema\/person\/c569b14d641089edfdd9e00564110bf7"},"breadcrumb":{"@id":"https:\/\/www.wood-studio-jardin.fr\/extension-maison\/amenager-lespace-de-travail-ideal-design-et-productivite-avec-wood-studio\/#breadcrumb"},"inLanguage":"fr-FR","potentialAction":[{"@type":"ReadAction","target":["https:\/\/www.wood-studio-jardin.fr\/extension-maison\/amenager-lespace-de-travail-ideal-design-et-productivite-avec-wood-studio\/"]}]},{"@type":"BreadcrumbList","@id":"https:\/\/www.wood-studio-jardin.fr\/extension-maison\/amenager-lespace-de-travail-ideal-design-et-productivite-avec-wood-studio\/#breadcrumb","itemListElement":[{"@type":"ListItem","position":1,"name":"Accueil","item":"https:\/\/www.wood-studio-jardin.fr\/"},{"@type":"ListItem","position":2,"name":"Am\u00e9nager l\u2019espace de travail id\u00e9al : design et productivit\u00e9 avec Wood studio"}]},{"@type":"Person","@id":"https:\/\/www.wood-studio-jardin.fr\/#\/schema\/person\/c569b14d641089edfdd9e00564110bf7","name":"Bruno","image":{"@type":"ImageObject","inLanguage":"fr-FR","@id":"https:\/\/www.wood-studio-jardin.fr\/#\/schema\/person\/image\/","url":"https:\/\/secure.gravatar.com\/avatar\/cc6315449aeca5d2161ea2906cefa118?s=96&d=mm&r=g","contentUrl":"https:\/\/secure.gravatar.com\/avatar\/cc6315449aeca5d2161ea2906cefa118?s=96&d=mm&r=g","caption":"Bruno"},"url":"https:\/\/www.wood-studio-jardin.fr\/author\/bruno\/"}]}},"_links":{"self":[{"href":"https:\/\/www.wood-studio-jardin.fr\/api\/wp\/v2\/posts\/38200"}],"collection":[{"href":"https:\/\/www.wood-studio-jardin.fr\/api\/wp\/v2\/posts"}],"about":[{"href":"https:\/\/www.wood-studio-jardin.fr\/api\/wp\/v2\/types\/post"}],"author":[{"embeddable":true,"href":"https:\/\/www.wood-studio-jardin.fr\/api\/wp\/v2\/users\/3"}],"replies":[{"embeddable":true,"href":"https:\/\/www.wood-studio-jardin.fr\/api\/wp\/v2\/comments?post=38200"}],"version-history":[{"count":19,"href":"https:\/\/www.wood-studio-jardin.fr\/api\/wp\/v2\/posts\/38200\/revisions"}],"predecessor-version":[{"id":38411,"href":"https:\/\/www.wood-studio-jardin.fr\/api\/wp\/v2\/posts\/38200\/revisions\/38411"}],"wp:featuredmedia":[{"embeddable":true,"href":"https:\/\/www.wood-studio-jardin.fr\/api\/wp\/v2\/media\/33669"}],"wp:attachment":[{"href":"https:\/\/www.wood-studio-jardin.fr\/api\/wp\/v2\/media?parent=38200"}],"wp:term":[{"taxonomy":"category","embeddable":true,"href":"https:\/\/www.wood-studio-jardin.fr\/api\/wp\/v2\/categories?post=38200"},{"taxonomy":"post_tag","embeddable":true,"href":"https:\/\/www.wood-studio-jardin.fr\/api\/wp\/v2\/tags?post=38200"}],"curies":[{"name":"wp","href":"https:\/\/api.w.org\/{rel}","templated":true}]}}