{"id":35797,"date":"2023-02-10T11:07:26","date_gmt":"2023-02-10T10:07:26","guid":{"rendered":"https:\/\/www.wood-studio-jardin.fr\/?p=35797"},"modified":"2023-02-11T21:40:48","modified_gmt":"2023-02-11T20:40:48","slug":"la-legislation-sur-les-studios-de-jardin-et-les-extensions-de-maison","status":"publish","type":"post","link":"https:\/\/www.wood-studio-jardin.fr\/extension-maison\/la-legislation-sur-les-studios-de-jardin-et-les-extensions-de-maison\/","title":{"rendered":"La l\u00e9gislation sur les studios de jardin et les extensions de maison"},"content":{"rendered":"\t\t<div data-elementor-type=\"wp-post\" data-elementor-id=\"35797\" class=\"elementor elementor-35797\">\n\t\t\t\t\t\t\t\t\t<section class=\"elementor-section elementor-top-section elementor-element elementor-element-7b85a83 elementor-section-boxed elementor-section-height-default elementor-section-height-default\" data-id=\"7b85a83\" data-element_type=\"section\">\n\t\t\t\t\t\t<div class=\"elementor-container elementor-column-gap-default\">\n\t\t\t\t\t<div class=\"elementor-column elementor-col-100 elementor-top-column elementor-element elementor-element-6c55fa8\" data-id=\"6c55fa8\" data-element_type=\"column\">\n\t\t\t<div class=\"elementor-widget-wrap elementor-element-populated\">\n\t\t\t\t\t\t\t\t<div class=\"elementor-element elementor-element-5d25e69 elementor-widget elementor-widget-heading\" data-id=\"5d25e69\" data-element_type=\"widget\" data-widget_type=\"heading.default\">\n\t\t\t\t<div class=\"elementor-widget-container\">\n\t\t\t<style>\/*! elementor - v3.18.0 - 20-12-2023 *\/\n.elementor-heading-title{padding:0;margin:0;line-height:1}.elementor-widget-heading .elementor-heading-title[class*=elementor-size-]>a{color:inherit;font-size:inherit;line-height:inherit}.elementor-widget-heading .elementor-heading-title.elementor-size-small{font-size:15px}.elementor-widget-heading .elementor-heading-title.elementor-size-medium{font-size:19px}.elementor-widget-heading .elementor-heading-title.elementor-size-large{font-size:29px}.elementor-widget-heading .elementor-heading-title.elementor-size-xl{font-size:39px}.elementor-widget-heading .elementor-heading-title.elementor-size-xxl{font-size:59px}<\/style><h1 class=\"elementor-heading-title elementor-size-default\">La l\u00e9gislation sur les studios de jardin \n<\/BR>et les extensions de maison<\/h1>\t\t<\/div>\n\t\t\t\t<\/div>\n\t\t\t\t<div class=\"elementor-element elementor-element-ae8b85b elementor-widget-divider--view-line elementor-widget elementor-widget-divider\" data-id=\"ae8b85b\" data-element_type=\"widget\" data-widget_type=\"divider.default\">\n\t\t\t\t<div class=\"elementor-widget-container\">\n\t\t\t<style>\/*! elementor - v3.18.0 - 20-12-2023 *\/\n.elementor-widget-divider{--divider-border-style:none;--divider-border-width:1px;--divider-color:#0c0d0e;--divider-icon-size:20px;--divider-element-spacing:10px;--divider-pattern-height:24px;--divider-pattern-size:20px;--divider-pattern-url:none;--divider-pattern-repeat:repeat-x}.elementor-widget-divider .elementor-divider{display:flex}.elementor-widget-divider .elementor-divider__text{font-size:15px;line-height:1;max-width:95%}.elementor-widget-divider .elementor-divider__element{margin:0 var(--divider-element-spacing);flex-shrink:0}.elementor-widget-divider .elementor-icon{font-size:var(--divider-icon-size)}.elementor-widget-divider .elementor-divider-separator{display:flex;margin:0;direction:ltr}.elementor-widget-divider--view-line_icon .elementor-divider-separator,.elementor-widget-divider--view-line_text .elementor-divider-separator{align-items:center}.elementor-widget-divider--view-line_icon .elementor-divider-separator:after,.elementor-widget-divider--view-line_icon .elementor-divider-separator:before,.elementor-widget-divider--view-line_text .elementor-divider-separator:after,.elementor-widget-divider--view-line_text .elementor-divider-separator:before{display:block;content:\"\";border-bottom:0;flex-grow:1;border-top:var(--divider-border-width) var(--divider-border-style) var(--divider-color)}.elementor-widget-divider--element-align-left .elementor-divider .elementor-divider-separator>.elementor-divider__svg:first-of-type{flex-grow:0;flex-shrink:100}.elementor-widget-divider--element-align-left .elementor-divider-separator:before{content:none}.elementor-widget-divider--element-align-left .elementor-divider__element{margin-left:0}.elementor-widget-divider--element-align-right .elementor-divider .elementor-divider-separator>.elementor-divider__svg:last-of-type{flex-grow:0;flex-shrink:100}.elementor-widget-divider--element-align-right .elementor-divider-separator:after{content:none}.elementor-widget-divider--element-align-right .elementor-divider__element{margin-right:0}.elementor-widget-divider:not(.elementor-widget-divider--view-line_text):not(.elementor-widget-divider--view-line_icon) .elementor-divider-separator{border-top:var(--divider-border-width) var(--divider-border-style) var(--divider-color)}.elementor-widget-divider--separator-type-pattern{--divider-border-style:none}.elementor-widget-divider--separator-type-pattern.elementor-widget-divider--view-line .elementor-divider-separator,.elementor-widget-divider--separator-type-pattern:not(.elementor-widget-divider--view-line) .elementor-divider-separator:after,.elementor-widget-divider--separator-type-pattern:not(.elementor-widget-divider--view-line) .elementor-divider-separator:before,.elementor-widget-divider--separator-type-pattern:not([class*=elementor-widget-divider--view]) .elementor-divider-separator{width:100%;min-height:var(--divider-pattern-height);-webkit-mask-size:var(--divider-pattern-size) 100%;mask-size:var(--divider-pattern-size) 100%;-webkit-mask-repeat:var(--divider-pattern-repeat);mask-repeat:var(--divider-pattern-repeat);background-color:var(--divider-color);-webkit-mask-image:var(--divider-pattern-url);mask-image:var(--divider-pattern-url)}.elementor-widget-divider--no-spacing{--divider-pattern-size:auto}.elementor-widget-divider--bg-round{--divider-pattern-repeat:round}.rtl .elementor-widget-divider .elementor-divider__text{direction:rtl}.e-con-inner>.elementor-widget-divider,.e-con>.elementor-widget-divider{width:var(--container-widget-width,100%);--flex-grow:var(--container-widget-flex-grow)}<\/style>\t\t<div class=\"elementor-divider\">\n\t\t\t<span class=\"elementor-divider-separator\">\n\t\t\t\t\t\t<\/span>\n\t\t<\/div>\n\t\t\t\t<\/div>\n\t\t\t\t<\/div>\n\t\t\t\t<div class=\"elementor-element elementor-element-59b70f0 elementor-widget elementor-widget-text-editor\" data-id=\"59b70f0\" data-element_type=\"widget\" data-widget_type=\"text-editor.default\">\n\t\t\t\t<div class=\"elementor-widget-container\">\n\t\t\t<style>\/*! elementor - v3.18.0 - 20-12-2023 *\/\n.elementor-widget-text-editor.elementor-drop-cap-view-stacked .elementor-drop-cap{background-color:#69727d;color:#fff}.elementor-widget-text-editor.elementor-drop-cap-view-framed .elementor-drop-cap{color:#69727d;border:3px solid;background-color:transparent}.elementor-widget-text-editor:not(.elementor-drop-cap-view-default) .elementor-drop-cap{margin-top:8px}.elementor-widget-text-editor:not(.elementor-drop-cap-view-default) .elementor-drop-cap-letter{width:1em;height:1em}.elementor-widget-text-editor .elementor-drop-cap{float:left;text-align:center;line-height:1;font-size:50px}.elementor-widget-text-editor .elementor-drop-cap-letter{display:inline-block}<\/style>\t\t\t\t<p><strong>Vous souhaitez installer un studio de jardin sur votre terrain pour l\u2019\u00e9t\u00e9 prochain ?<\/strong> Que ce soit pour y faire votre bureau, votre cabinet de praticien ou une chambre d\u2019amis, ou pour vous, <strong>il est n\u00e9cessaire de se poser la question des d\u00e9marches administratives \u00e0 respecter.<\/strong><\/p>\t\t\t\t\t\t<\/div>\n\t\t\t\t<\/div>\n\t\t\t\t\t<\/div>\n\t\t<\/div>\n\t\t\t\t\t\t\t<\/div>\n\t\t<\/section>\n\t\t\t\t<section class=\"elementor-section elementor-top-section elementor-element elementor-element-c57dada elementor-section-boxed elementor-section-height-default elementor-section-height-default\" data-id=\"c57dada\" data-element_type=\"section\">\n\t\t\t\t\t\t<div class=\"elementor-container elementor-column-gap-default\">\n\t\t\t\t\t<div class=\"elementor-column elementor-col-66 elementor-top-column elementor-element elementor-element-f8cbb32\" data-id=\"f8cbb32\" data-element_type=\"column\">\n\t\t\t<div class=\"elementor-widget-wrap elementor-element-populated\">\n\t\t\t\t\t\t\t\t<div class=\"elementor-element elementor-element-4c5f34e elementor-widget elementor-widget-heading\" data-id=\"4c5f34e\" data-element_type=\"widget\" data-widget_type=\"heading.default\">\n\t\t\t\t<div class=\"elementor-widget-container\">\n\t\t\t<h2 class=\"elementor-heading-title elementor-size-default\">Un terrain constructible - Studio de Jardin<\/h2>\t\t<\/div>\n\t\t\t\t<\/div>\n\t\t\t\t<div class=\"elementor-element elementor-element-4b8db5f elementor-widget-divider--view-line elementor-widget elementor-widget-divider\" data-id=\"4b8db5f\" data-element_type=\"widget\" data-widget_type=\"divider.default\">\n\t\t\t\t<div class=\"elementor-widget-container\">\n\t\t\t\t\t<div class=\"elementor-divider\">\n\t\t\t<span class=\"elementor-divider-separator\">\n\t\t\t\t\t\t<\/span>\n\t\t<\/div>\n\t\t\t\t<\/div>\n\t\t\t\t<\/div>\n\t\t\t\t<div class=\"elementor-element elementor-element-91c2512 elementor-widget elementor-widget-text-editor\" data-id=\"91c2512\" data-element_type=\"widget\" data-widget_type=\"text-editor.default\">\n\t\t\t\t<div class=\"elementor-widget-container\">\n\t\t\t\t\t\t\t<p>Dans tous les cas, <strong>votre terrain doit \u00eatre constructible<\/strong> pour pouvoir y installer un studio de jardin quel que soit sa taille. Par ailleurs, <strong>votre terrain peut \u00eatre soumis \u00e0 des contraintes particuli\u00e8res selon son statut juridique.<\/strong> Il est donc utile de passer au service d\u2019urbanisme de votre mairie en vous munissant du <strong>formulaire CERFA.<\/strong><\/p><p>En mati\u00e8re de studio de jardin, il existe <strong>deux types de r\u00e9glementation : la d\u00e9claration pr\u00e9alable de travaux ou le permis de construire.<\/strong><\/p>\t\t\t\t\t\t<\/div>\n\t\t\t\t<\/div>\n\t\t\t\t<div class=\"elementor-element elementor-element-9b19c32 elementor-widget elementor-widget-heading\" data-id=\"9b19c32\" data-element_type=\"widget\" data-widget_type=\"heading.default\">\n\t\t\t\t<div class=\"elementor-widget-container\">\n\t\t\t<h2 class=\"elementor-heading-title elementor-size-default\">La d\u00e9claration pr\u00e9alable de travaux, studio de jardin de 5m\u00b2 \u00e0 20m\u00b2<\/h2>\t\t<\/div>\n\t\t\t\t<\/div>\n\t\t\t\t<div class=\"elementor-element elementor-element-a8af145 elementor-widget-divider--view-line elementor-widget elementor-widget-divider\" data-id=\"a8af145\" data-element_type=\"widget\" data-widget_type=\"divider.default\">\n\t\t\t\t<div class=\"elementor-widget-container\">\n\t\t\t\t\t<div class=\"elementor-divider\">\n\t\t\t<span class=\"elementor-divider-separator\">\n\t\t\t\t\t\t<\/span>\n\t\t<\/div>\n\t\t\t\t<\/div>\n\t\t\t\t<\/div>\n\t\t\t\t<div class=\"elementor-element elementor-element-96869c3 elementor-widget elementor-widget-text-editor\" data-id=\"96869c3\" data-element_type=\"widget\" data-widget_type=\"text-editor.default\">\n\t\t\t\t<div class=\"elementor-widget-container\">\n\t\t\t\t\t\t\t<p><strong>La d\u00e9claration pr\u00e9alable de travaux est n\u00e9cessaire pour toute construction mesurant plus de 5m2<\/strong> et se fait aupr\u00e8s de la mairie. Chaque mairie disposant de son PLU (plan local d\u2019urbanisme), <strong>il est possible qu\u2019une simple d\u00e9claration de travaux suffise,<\/strong> m\u00eame jusqu\u2019\u00e0 40m2. <strong>Renseignez-vous aupr\u00e8s de votre mairie.<\/strong><\/p><p>Votre dossier de demande de travaux devra \u00eatre d\u00e9pos\u00e9 <strong>1 mois avant installation du studio de jardin.<\/strong> Le dossier n\u2019est pas compliqu\u00e9 mais <strong>n\u00e9cessite quelques pi\u00e8ces jointes (plans, images)<\/strong> qu\u2019il faudra prendre le temps de collecter en amont.\u00a0<strong>WOOD STUDIO se charge pour vous de cette d\u00e9marche.<\/strong><\/p>\t\t\t\t\t\t<\/div>\n\t\t\t\t<\/div>\n\t\t\t\t\t<\/div>\n\t\t<\/div>\n\t\t\t\t<div class=\"elementor-column elementor-col-33 elementor-top-column elementor-element elementor-element-c5560c3\" data-id=\"c5560c3\" data-element_type=\"column\">\n\t\t\t<div class=\"elementor-widget-wrap elementor-element-populated\">\n\t\t\t\t\t\t\t\t<div class=\"elementor-element elementor-element-5ad6ed7 elementor-widget elementor-widget-image\" data-id=\"5ad6ed7\" data-element_type=\"widget\" data-widget_type=\"image.default\">\n\t\t\t\t<div class=\"elementor-widget-container\">\n\t\t\t<style>\/*! elementor - v3.18.0 - 20-12-2023 *\/\n.elementor-widget-image{text-align:center}.elementor-widget-image a{display:inline-block}.elementor-widget-image a img[src$=\".svg\"]{width:48px}.elementor-widget-image img{vertical-align:middle;display:inline-block}<\/style>\t\t\t\t\t\t\t\t\t\t\t\t<img fetchpriority=\"high\" decoding=\"async\" width=\"612\" height=\"422\" src=\"https:\/\/www.wood-studio-jardin.fr\/app\/uploads\/sites\/88\/2022\/04\/image-architetce-1.jpg\" class=\"attachment-large size-large wp-image-33977\" alt=\"\" srcset=\"https:\/\/www.wood-studio-jardin.fr\/app\/uploads\/sites\/88\/2022\/04\/image-architetce-1.jpg 612w, https:\/\/www.wood-studio-jardin.fr\/app\/uploads\/sites\/88\/2022\/04\/image-architetce-1-300x207.jpg 300w, https:\/\/www.wood-studio-jardin.fr\/app\/uploads\/sites\/88\/2022\/04\/image-architetce-1-600x414.jpg 600w\" sizes=\"(max-width: 612px) 100vw, 612px\" \/>\t\t\t\t\t\t\t\t\t\t\t\t\t\t\t<\/div>\n\t\t\t\t<\/div>\n\t\t\t\t\t<\/div>\n\t\t<\/div>\n\t\t\t\t\t\t\t<\/div>\n\t\t<\/section>\n\t\t\t\t<section class=\"elementor-section elementor-top-section elementor-element elementor-element-f05fee6 elementor-section-boxed elementor-section-height-default elementor-section-height-default\" data-id=\"f05fee6\" data-element_type=\"section\">\n\t\t\t\t\t\t<div class=\"elementor-container elementor-column-gap-default\">\n\t\t\t\t\t<div class=\"elementor-column elementor-col-33 elementor-top-column elementor-element elementor-element-e68b71f\" data-id=\"e68b71f\" data-element_type=\"column\">\n\t\t\t<div class=\"elementor-widget-wrap elementor-element-populated\">\n\t\t\t\t\t\t\t\t<div class=\"elementor-element elementor-element-79eda8d elementor-widget elementor-widget-image\" data-id=\"79eda8d\" data-element_type=\"widget\" data-widget_type=\"image.default\">\n\t\t\t\t<div class=\"elementor-widget-container\">\n\t\t\t\t\t\t\t\t\t\t\t\t\t\t\t<img decoding=\"async\" width=\"1024\" height=\"768\" src=\"https:\/\/www.wood-studio-jardin.fr\/app\/uploads\/sites\/88\/2022\/11\/IMG_0056-1024x768.jpg\" class=\"attachment-large size-large wp-image-35617\" alt=\"\" srcset=\"https:\/\/www.wood-studio-jardin.fr\/app\/uploads\/sites\/88\/2022\/11\/IMG_0056-1024x768.jpg 1024w, https:\/\/www.wood-studio-jardin.fr\/app\/uploads\/sites\/88\/2022\/11\/IMG_0056-300x225.jpg 300w, https:\/\/www.wood-studio-jardin.fr\/app\/uploads\/sites\/88\/2022\/11\/IMG_0056-768x576.jpg 768w, https:\/\/www.wood-studio-jardin.fr\/app\/uploads\/sites\/88\/2022\/11\/IMG_0056-1536x1152.jpg 1536w, https:\/\/www.wood-studio-jardin.fr\/app\/uploads\/sites\/88\/2022\/11\/IMG_0056-2048x1536.jpg 2048w, https:\/\/www.wood-studio-jardin.fr\/app\/uploads\/sites\/88\/2022\/11\/IMG_0056-600x450.jpg 600w\" sizes=\"(max-width: 1024px) 100vw, 1024px\" \/>\t\t\t\t\t\t\t\t\t\t\t\t\t\t\t<\/div>\n\t\t\t\t<\/div>\n\t\t\t\t\t<\/div>\n\t\t<\/div>\n\t\t\t\t<div class=\"elementor-column elementor-col-66 elementor-top-column elementor-element elementor-element-c5c71ab\" data-id=\"c5c71ab\" data-element_type=\"column\">\n\t\t\t<div class=\"elementor-widget-wrap elementor-element-populated\">\n\t\t\t\t\t\t\t\t<div class=\"elementor-element elementor-element-c4a8ecf elementor-widget elementor-widget-heading\" data-id=\"c4a8ecf\" data-element_type=\"widget\" data-widget_type=\"heading.default\">\n\t\t\t\t<div class=\"elementor-widget-container\">\n\t\t\t<h2 class=\"elementor-heading-title elementor-size-default\">Le permis de construire pour un studio de jardin de plus de 20m\u00b2<\/h2>\t\t<\/div>\n\t\t\t\t<\/div>\n\t\t\t\t<div class=\"elementor-element elementor-element-b88b577 elementor-widget-divider--view-line elementor-widget elementor-widget-divider\" data-id=\"b88b577\" data-element_type=\"widget\" data-widget_type=\"divider.default\">\n\t\t\t\t<div class=\"elementor-widget-container\">\n\t\t\t\t\t<div class=\"elementor-divider\">\n\t\t\t<span class=\"elementor-divider-separator\">\n\t\t\t\t\t\t<\/span>\n\t\t<\/div>\n\t\t\t\t<\/div>\n\t\t\t\t<\/div>\n\t\t\t\t<div class=\"elementor-element elementor-element-f796611 elementor-widget elementor-widget-text-editor\" data-id=\"f796611\" data-element_type=\"widget\" data-widget_type=\"text-editor.default\">\n\t\t\t\t<div class=\"elementor-widget-container\">\n\t\t\t\t\t\t\t<p>Fr\u00e9quemment, <strong>la mairie va demander un permis de construire pour l\u2019installation du studio de jardin pour une surface sup\u00e9rieure \u00e0 20m\u00b2.<\/strong> Pour cela, vous devrez vous y prendre <strong>2 mois en avance.<\/strong><br \/>De plus, depuis 2013, le passage par <strong>un permis de construire n\u00e9cessite la production d\u2019une note de calcul li\u00e9e \u00e0 la r\u00e9glementation thermique (RT 2012).<\/strong> Les obligations de la RT 2012 varient selon l\u2019usage, la r\u00e9gion et l\u2019emplacement de votre studio de jardin ou extension de maison en bois.<strong> Nous garantissons cette \u00e9tude,<\/strong> notamment gr\u00e2ce \u00e0 l\u2019isolation \u00e9cologique en laine de bois de votre studio de jardin qui en fait <strong>un b\u00e2timent \u00e0 tr\u00e8s faible consommation.<\/strong><\/p><p>Vous n\u2019aurez pas besoin de faire appel \u00e0 un architecte, <strong>Wood Studio g\u00e8re pour vous le permis de construire.<\/strong><\/p><p><strong>Wood Studio vous aide et constitue pour vous un dossier de d\u00e9claration pr\u00e9alable de travaux ou de permis de construire :<\/strong><\/p>\t\t\t\t\t\t<\/div>\n\t\t\t\t<\/div>\n\t\t\t\t<div class=\"elementor-element elementor-element-7c489eb elementor-align-left elementor-icon-list--layout-traditional elementor-list-item-link-full_width elementor-widget elementor-widget-icon-list\" data-id=\"7c489eb\" data-element_type=\"widget\" data-widget_type=\"icon-list.default\">\n\t\t\t\t<div class=\"elementor-widget-container\">\n\t\t\t<link rel=\"stylesheet\" href=\"https:\/\/www.wood-studio-jardin.fr\/app\/plugins\/elementor\/assets\/css\/widget-icon-list.min.css\">\t\t<ul class=\"elementor-icon-list-items\">\n\t\t\t\t\t\t\t<li class=\"elementor-icon-list-item\">\n\t\t\t\t\t\t\t\t\t\t\t<span class=\"elementor-icon-list-icon\">\n\t\t\t\t\t\t\t<svg aria-hidden=\"true\" class=\"e-font-icon-svg e-fas-check\" viewBox=\"0 0 512 512\" xmlns=\"http:\/\/www.w3.org\/2000\/svg\"><path d=\"M173.898 439.404l-166.4-166.4c-9.997-9.997-9.997-26.206 0-36.204l36.203-36.204c9.997-9.998 26.207-9.998 36.204 0L192 312.69 432.095 72.596c9.997-9.997 26.207-9.997 36.204 0l36.203 36.204c9.997 9.997 9.997 26.206 0 36.204l-294.4 294.401c-9.998 9.997-26.207 9.997-36.204-.001z\"><\/path><\/svg>\t\t\t\t\t\t<\/span>\n\t\t\t\t\t\t\t\t\t\t<span class=\"elementor-icon-list-text\">En mettant \u00e0 votre disposition ses connaissances,<\/span>\n\t\t\t\t\t\t\t\t\t<\/li>\n\t\t\t\t\t\t\t\t<li class=\"elementor-icon-list-item\">\n\t\t\t\t\t\t\t\t\t\t\t<span class=\"elementor-icon-list-icon\">\n\t\t\t\t\t\t\t<svg aria-hidden=\"true\" class=\"e-font-icon-svg e-fas-check\" viewBox=\"0 0 512 512\" xmlns=\"http:\/\/www.w3.org\/2000\/svg\"><path d=\"M173.898 439.404l-166.4-166.4c-9.997-9.997-9.997-26.206 0-36.204l36.203-36.204c9.997-9.998 26.207-9.998 36.204 0L192 312.69 432.095 72.596c9.997-9.997 26.207-9.997 36.204 0l36.203 36.204c9.997 9.997 9.997 26.206 0 36.204l-294.4 294.401c-9.998 9.997-26.207 9.997-36.204-.001z\"><\/path><\/svg>\t\t\t\t\t\t<\/span>\n\t\t\t\t\t\t\t\t\t\t<span class=\"elementor-icon-list-text\">En vous accompagnant personnellement par t\u00e9l\u00e9phone au +33 6 15 45 48 58 ou mail \u00e0 contact@woodstudio.fr<\/span>\n\t\t\t\t\t\t\t\t\t<\/li>\n\t\t\t\t\t\t\t\t<li class=\"elementor-icon-list-item\">\n\t\t\t\t\t\t\t\t\t\t\t<span class=\"elementor-icon-list-icon\">\n\t\t\t\t\t\t\t<svg aria-hidden=\"true\" class=\"e-font-icon-svg e-fas-check\" viewBox=\"0 0 512 512\" xmlns=\"http:\/\/www.w3.org\/2000\/svg\"><path d=\"M173.898 439.404l-166.4-166.4c-9.997-9.997-9.997-26.206 0-36.204l36.203-36.204c9.997-9.998 26.207-9.998 36.204 0L192 312.69 432.095 72.596c9.997-9.997 26.207-9.997 36.204 0l36.203 36.204c9.997 9.997 9.997 26.206 0 36.204l-294.4 294.401c-9.998 9.997-26.207 9.997-36.204-.001z\"><\/path><\/svg>\t\t\t\t\t\t<\/span>\n\t\t\t\t\t\t\t\t\t\t<span class=\"elementor-icon-list-text\">En r\u00e9alisant les plans et les photos de studio de jardin ou d\u2019extension de maison en bois n\u00e9cessaires \u00e0 votre dossier.<\/span>\n\t\t\t\t\t\t\t\t\t<\/li>\n\t\t\t\t\t\t<\/ul>\n\t\t\t\t<\/div>\n\t\t\t\t<\/div>\n\t\t\t\t\t<\/div>\n\t\t<\/div>\n\t\t\t\t\t\t\t<\/div>\n\t\t<\/section>\n\t\t\t\t<section class=\"elementor-section elementor-top-section elementor-element elementor-element-7003a5f elementor-section-boxed elementor-section-height-default elementor-section-height-default\" data-id=\"7003a5f\" data-element_type=\"section\">\n\t\t\t\t\t\t<div class=\"elementor-container elementor-column-gap-default\">\n\t\t\t\t\t<div class=\"elementor-column elementor-col-66 elementor-top-column elementor-element elementor-element-d991d95\" data-id=\"d991d95\" data-element_type=\"column\">\n\t\t\t<div class=\"elementor-widget-wrap elementor-element-populated\">\n\t\t\t\t\t\t\t\t<div class=\"elementor-element elementor-element-38bb672 elementor-widget elementor-widget-heading\" data-id=\"38bb672\" data-element_type=\"widget\" data-widget_type=\"heading.default\">\n\t\t\t\t<div class=\"elementor-widget-container\">\n\t\t\t<h2 class=\"elementor-heading-title elementor-size-default\">Agrandissement de maison : tout savoir sur la l\u00e9gislation<\/h2>\t\t<\/div>\n\t\t\t\t<\/div>\n\t\t\t\t<div class=\"elementor-element elementor-element-b44f8aa elementor-widget-divider--view-line elementor-widget elementor-widget-divider\" data-id=\"b44f8aa\" data-element_type=\"widget\" data-widget_type=\"divider.default\">\n\t\t\t\t<div class=\"elementor-widget-container\">\n\t\t\t\t\t<div class=\"elementor-divider\">\n\t\t\t<span class=\"elementor-divider-separator\">\n\t\t\t\t\t\t<\/span>\n\t\t<\/div>\n\t\t\t\t<\/div>\n\t\t\t\t<\/div>\n\t\t\t\t<div class=\"elementor-element elementor-element-f33c821 elementor-widget elementor-widget-text-editor\" data-id=\"f33c821\" data-element_type=\"widget\" data-widget_type=\"text-editor.default\">\n\t\t\t\t<div class=\"elementor-widget-container\">\n\t\t\t\t\t\t\t<p><strong>R\u00e9aliser une extension de maison exige de faire une demande pr\u00e9alable de travaux en mairie.<\/strong> Cela n\u00e9cessite une prise de connaissance du plan local d\u2019urbanisme de la commune dans laquelle vous souhaitez agrandir votre habitation.<strong> Cette d\u00e9claration pr\u00e9alable consiste \u00e0 fournir les plans de situation, de masse et de fa\u00e7ades de l\u2019extension<\/strong> afin de v\u00e9rifier la conformit\u00e9 du projet par rapport \u00e0 l\u2019existant et l\u2019environnement. Par contre, <strong>si la maison est situ\u00e9e dans un lotissement, il faut \u00e9galement consulter le r\u00e8glement du lotissement.<\/strong><\/p>\t\t\t\t\t\t<\/div>\n\t\t\t\t<\/div>\n\t\t\t\t\t<\/div>\n\t\t<\/div>\n\t\t\t\t<div class=\"elementor-column elementor-col-33 elementor-top-column elementor-element elementor-element-705f5af\" data-id=\"705f5af\" data-element_type=\"column\">\n\t\t\t<div class=\"elementor-widget-wrap elementor-element-populated\">\n\t\t\t\t\t\t\t\t<div class=\"elementor-element elementor-element-9288752 elementor-widget elementor-widget-image\" data-id=\"9288752\" data-element_type=\"widget\" data-widget_type=\"image.default\">\n\t\t\t\t<div class=\"elementor-widget-container\">\n\t\t\t\t\t\t\t\t\t\t\t\t\t\t\t<img decoding=\"async\" width=\"1024\" height=\"768\" src=\"https:\/\/www.wood-studio-jardin.fr\/app\/uploads\/sites\/88\/2023\/02\/Nos-extensions-article56-1024x768.jpg\" class=\"attachment-large size-large wp-image-35780\" alt=\"\" srcset=\"https:\/\/www.wood-studio-jardin.fr\/app\/uploads\/sites\/88\/2023\/02\/Nos-extensions-article56-1024x768.jpg 1024w, https:\/\/www.wood-studio-jardin.fr\/app\/uploads\/sites\/88\/2023\/02\/Nos-extensions-article56-300x225.jpg 300w, https:\/\/www.wood-studio-jardin.fr\/app\/uploads\/sites\/88\/2023\/02\/Nos-extensions-article56-768x576.jpg 768w, https:\/\/www.wood-studio-jardin.fr\/app\/uploads\/sites\/88\/2023\/02\/Nos-extensions-article56-1536x1152.jpg 1536w, https:\/\/www.wood-studio-jardin.fr\/app\/uploads\/sites\/88\/2023\/02\/Nos-extensions-article56-600x450.jpg 600w, https:\/\/www.wood-studio-jardin.fr\/app\/uploads\/sites\/88\/2023\/02\/Nos-extensions-article56.jpg 2048w\" sizes=\"(max-width: 1024px) 100vw, 1024px\" \/>\t\t\t\t\t\t\t\t\t\t\t\t\t\t\t<\/div>\n\t\t\t\t<\/div>\n\t\t\t\t\t<\/div>\n\t\t<\/div>\n\t\t\t\t\t\t\t<\/div>\n\t\t<\/section>\n\t\t\t\t<section class=\"elementor-section elementor-top-section elementor-element elementor-element-b3fa003 elementor-section-boxed elementor-section-height-default elementor-section-height-default\" data-id=\"b3fa003\" data-element_type=\"section\">\n\t\t\t\t\t\t<div class=\"elementor-container elementor-column-gap-default\">\n\t\t\t\t\t<div class=\"elementor-column elementor-col-100 elementor-top-column elementor-element elementor-element-a927f4e\" data-id=\"a927f4e\" data-element_type=\"column\">\n\t\t\t<div class=\"elementor-widget-wrap elementor-element-populated\">\n\t\t\t\t\t\t\t\t<div class=\"elementor-element elementor-element-12785c1 elementor-widget elementor-widget-heading\" data-id=\"12785c1\" data-element_type=\"widget\" data-widget_type=\"heading.default\">\n\t\t\t\t<div class=\"elementor-widget-container\">\n\t\t\t<h3 class=\"elementor-heading-title elementor-size-default\">Contactez-nous, nous \u00e9tudierons votre projet pour vous trouver la meilleure des solutions.<\/h3>\t\t<\/div>\n\t\t\t\t<\/div>\n\t\t\t\t<div class=\"elementor-element elementor-element-0acaf36 elementor-widget-divider--view-line elementor-widget elementor-widget-divider\" data-id=\"0acaf36\" data-element_type=\"widget\" data-widget_type=\"divider.default\">\n\t\t\t\t<div class=\"elementor-widget-container\">\n\t\t\t\t\t<div class=\"elementor-divider\">\n\t\t\t<span class=\"elementor-divider-separator\">\n\t\t\t\t\t\t<\/span>\n\t\t<\/div>\n\t\t\t\t<\/div>\n\t\t\t\t<\/div>\n\t\t\t\t<div class=\"elementor-element elementor-element-8be61b8 elementor-align-center elementor-widget elementor-widget-button\" data-id=\"8be61b8\" data-element_type=\"widget\" data-widget_type=\"button.default\">\n\t\t\t\t<div class=\"elementor-widget-container\">\n\t\t\t\t\t<div class=\"elementor-button-wrapper\">\n\t\t\t<a class=\"elementor-button elementor-button-link elementor-size-sm\" href=\"https:\/\/www.wood-studio-jardin.fr\/contact\/\">\n\t\t\t\t\t\t<span class=\"elementor-button-content-wrapper\">\n\t\t\t\t\t\t<span class=\"elementor-button-text\">Nous contacter <\/span>\n\t\t<\/span>\n\t\t\t\t\t<\/a>\n\t\t<\/div>\n\t\t\t\t<\/div>\n\t\t\t\t<\/div>\n\t\t\t\t\t<\/div>\n\t\t<\/div>\n\t\t\t\t\t\t\t<\/div>\n\t\t<\/section>\n\t\t\t\t\t\t\t<\/div>\n\t\t","protected":false},"excerpt":{"rendered":"<p>La l\u00e9gislation sur les studios de jardin et les extensions de maison Vous souhaitez installer un studio de jardin sur votre terrain pour l\u2019\u00e9t\u00e9 prochain ? Que ce soit pour y faire votre bureau, votre cabinet de praticien ou une chambre d\u2019amis, ou pour vous, il est n\u00e9cessaire de se poser la question des d\u00e9marches&#8230;<\/p>\n","protected":false},"author":1350,"featured_media":35890,"comment_status":"open","ping_status":"open","sticky":false,"template":"","format":"standard","meta":{"_kad_post_transparent":"default","_kad_post_title":"default","_kad_post_layout":"default","_kad_post_sidebar_id":"","_kad_post_content_style":"default","_kad_post_vertical_padding":"default","_kad_post_feature":"","_kad_post_feature_position":"","_kad_post_header":false,"_kad_post_footer":false,"footnotes":""},"categories":[614],"tags":[],"yoast_head":"<!-- This site is optimized with the Yoast SEO plugin v19.2 - https:\/\/yoast.com\/wordpress\/plugins\/seo\/ -->\n<title>La l\u00e9gislation sur les studios de jardin et les extensions de maison - Wood Studio Jardin<\/title>\n<meta name=\"description\" content=\"La mise en place d&#039;un studio de jardin ou d&#039;une extension de maison doit respecter des d\u00e9marches l\u00e9gales, Wood Studio les fait pour vous\" \/>\n<meta name=\"robots\" content=\"index, follow, max-snippet:-1, max-image-preview:large, max-video-preview:-1\" \/>\n<link rel=\"canonical\" href=\"https:\/\/www.wood-studio-jardin.fr\/extension-maison\/la-legislation-sur-les-studios-de-jardin-et-les-extensions-de-maison\/\" \/>\n<meta property=\"og:locale\" content=\"fr_FR\" \/>\n<meta property=\"og:type\" content=\"article\" \/>\n<meta property=\"og:url\" content=\"https:\/\/www.wood-studio-jardin.fr\/extension-maison\/la-legislation-sur-les-studios-de-jardin-et-les-extensions-de-maison\/\" \/>\n<meta property=\"og:site_name\" content=\"Wood Studio Jardin\" \/>\n<meta property=\"article:published_time\" content=\"2023-02-10T10:07:26+00:00\" \/>\n<meta property=\"article:modified_time\" content=\"2023-02-11T20:40:48+00:00\" \/>\n<meta property=\"og:image\" content=\"https:\/\/www.wood-studio-jardin.fr\/app\/uploads\/sites\/88\/2023\/02\/AdobeStock_197993378_Preview.jpeg\" \/>\n\t<meta property=\"og:image:width\" content=\"1000\" \/>\n\t<meta property=\"og:image:height\" content=\"577\" \/>\n\t<meta property=\"og:image:type\" content=\"image\/jpeg\" \/>\n<meta name=\"author\" content=\"pauline@activ-communication.com\" \/>\n<meta name=\"twitter:card\" content=\"summary_large_image\" \/>\n<meta name=\"twitter:label1\" content=\"Written by\" \/>\n\t<meta name=\"twitter:data1\" content=\"pauline@activ-communication.com\" \/>\n\t<meta name=\"twitter:label2\" content=\"Est. reading time\" \/>\n\t<meta name=\"twitter:data2\" content=\"8 minutes\" \/>\n<script type=\"application\/ld+json\" class=\"yoast-schema-graph\">{\"@context\":\"https:\/\/schema.org\",\"@graph\":[{\"@type\":\"WebSite\",\"@id\":\"https:\/\/www.wood-studio-jardin.fr\/#website\",\"url\":\"https:\/\/www.wood-studio-jardin.fr\/\",\"name\":\"Wood Studio Jardin\",\"description\":\"Studio de jardin, extension de maison sur Brest, Rennes, Vannes, St-Brieuc, Quimper, Lorient, Dinard, Dinan...\",\"potentialAction\":[{\"@type\":\"SearchAction\",\"target\":{\"@type\":\"EntryPoint\",\"urlTemplate\":\"https:\/\/www.wood-studio-jardin.fr\/?s={search_term_string}\"},\"query-input\":\"required name=search_term_string\"}],\"inLanguage\":\"fr-FR\"},{\"@type\":\"ImageObject\",\"inLanguage\":\"fr-FR\",\"@id\":\"https:\/\/www.wood-studio-jardin.fr\/extension-maison\/la-legislation-sur-les-studios-de-jardin-et-les-extensions-de-maison\/#primaryimage\",\"url\":\"https:\/\/www.wood-studio-jardin.fr\/app\/uploads\/sites\/88\/2023\/02\/AdobeStock_197993378_Preview.jpeg\",\"contentUrl\":\"https:\/\/www.wood-studio-jardin.fr\/app\/uploads\/sites\/88\/2023\/02\/AdobeStock_197993378_Preview.jpeg\",\"width\":1000,\"height\":577},{\"@type\":\"WebPage\",\"@id\":\"https:\/\/www.wood-studio-jardin.fr\/extension-maison\/la-legislation-sur-les-studios-de-jardin-et-les-extensions-de-maison\/#webpage\",\"url\":\"https:\/\/www.wood-studio-jardin.fr\/extension-maison\/la-legislation-sur-les-studios-de-jardin-et-les-extensions-de-maison\/\",\"name\":\"La l\u00e9gislation sur les studios de jardin et les extensions de maison - Wood Studio Jardin\",\"isPartOf\":{\"@id\":\"https:\/\/www.wood-studio-jardin.fr\/#website\"},\"primaryImageOfPage\":{\"@id\":\"https:\/\/www.wood-studio-jardin.fr\/extension-maison\/la-legislation-sur-les-studios-de-jardin-et-les-extensions-de-maison\/#primaryimage\"},\"datePublished\":\"2023-02-10T10:07:26+00:00\",\"dateModified\":\"2023-02-11T20:40:48+00:00\",\"author\":{\"@id\":\"https:\/\/www.wood-studio-jardin.fr\/#\/schema\/person\/ed515d6da7c9ad0c0aab56fe3732537d\"},\"description\":\"La mise en place d'un studio de jardin ou d'une extension de maison doit respecter des d\u00e9marches l\u00e9gales, Wood Studio les fait pour vous\",\"breadcrumb\":{\"@id\":\"https:\/\/www.wood-studio-jardin.fr\/extension-maison\/la-legislation-sur-les-studios-de-jardin-et-les-extensions-de-maison\/#breadcrumb\"},\"inLanguage\":\"fr-FR\",\"potentialAction\":[{\"@type\":\"ReadAction\",\"target\":[\"https:\/\/www.wood-studio-jardin.fr\/extension-maison\/la-legislation-sur-les-studios-de-jardin-et-les-extensions-de-maison\/\"]}]},{\"@type\":\"BreadcrumbList\",\"@id\":\"https:\/\/www.wood-studio-jardin.fr\/extension-maison\/la-legislation-sur-les-studios-de-jardin-et-les-extensions-de-maison\/#breadcrumb\",\"itemListElement\":[{\"@type\":\"ListItem\",\"position\":1,\"name\":\"Accueil\",\"item\":\"https:\/\/www.wood-studio-jardin.fr\/\"},{\"@type\":\"ListItem\",\"position\":2,\"name\":\"La l\u00e9gislation sur les studios de jardin et les extensions de maison\"}]},{\"@type\":\"Person\",\"@id\":\"https:\/\/www.wood-studio-jardin.fr\/#\/schema\/person\/ed515d6da7c9ad0c0aab56fe3732537d\",\"name\":\"pauline@activ-communication.com\",\"image\":{\"@type\":\"ImageObject\",\"inLanguage\":\"fr-FR\",\"@id\":\"https:\/\/www.wood-studio-jardin.fr\/#\/schema\/person\/image\/\",\"url\":\"https:\/\/secure.gravatar.com\/avatar\/dbb4a53579c742ed4f74eb70a380fea0?s=96&d=mm&r=g\",\"contentUrl\":\"https:\/\/secure.gravatar.com\/avatar\/dbb4a53579c742ed4f74eb70a380fea0?s=96&d=mm&r=g\",\"caption\":\"pauline@activ-communication.com\"},\"sameAs\":[\"http:\/\/ben@webdesign29.net\"],\"url\":\"https:\/\/www.wood-studio-jardin.fr\/author\/paulineactiv-communication-com\/\"}]}<\/script>\n<!-- \/ Yoast SEO plugin. -->","yoast_head_json":{"title":"La l\u00e9gislation sur les studios de jardin et les extensions de maison - Wood Studio Jardin","description":"La mise en place d'un studio de jardin ou d'une extension de maison doit respecter des d\u00e9marches l\u00e9gales, Wood Studio les fait pour vous","robots":{"index":"index","follow":"follow","max-snippet":"max-snippet:-1","max-image-preview":"max-image-preview:large","max-video-preview":"max-video-preview:-1"},"canonical":"https:\/\/www.wood-studio-jardin.fr\/extension-maison\/la-legislation-sur-les-studios-de-jardin-et-les-extensions-de-maison\/","og_locale":"fr_FR","og_type":"article","og_url":"https:\/\/www.wood-studio-jardin.fr\/extension-maison\/la-legislation-sur-les-studios-de-jardin-et-les-extensions-de-maison\/","og_site_name":"Wood Studio Jardin","article_published_time":"2023-02-10T10:07:26+00:00","article_modified_time":"2023-02-11T20:40:48+00:00","og_image":[{"width":1000,"height":577,"url":"https:\/\/www.wood-studio-jardin.fr\/app\/uploads\/sites\/88\/2023\/02\/AdobeStock_197993378_Preview.jpeg","type":"image\/jpeg"}],"author":"pauline@activ-communication.com","twitter_card":"summary_large_image","twitter_misc":{"Written by":"pauline@activ-communication.com","Est. reading time":"8 minutes"},"schema":{"@context":"https:\/\/schema.org","@graph":[{"@type":"WebSite","@id":"https:\/\/www.wood-studio-jardin.fr\/#website","url":"https:\/\/www.wood-studio-jardin.fr\/","name":"Wood Studio Jardin","description":"Studio de jardin, extension de maison sur Brest, Rennes, Vannes, St-Brieuc, Quimper, Lorient, Dinard, Dinan...","potentialAction":[{"@type":"SearchAction","target":{"@type":"EntryPoint","urlTemplate":"https:\/\/www.wood-studio-jardin.fr\/?s={search_term_string}"},"query-input":"required name=search_term_string"}],"inLanguage":"fr-FR"},{"@type":"ImageObject","inLanguage":"fr-FR","@id":"https:\/\/www.wood-studio-jardin.fr\/extension-maison\/la-legislation-sur-les-studios-de-jardin-et-les-extensions-de-maison\/#primaryimage","url":"https:\/\/www.wood-studio-jardin.fr\/app\/uploads\/sites\/88\/2023\/02\/AdobeStock_197993378_Preview.jpeg","contentUrl":"https:\/\/www.wood-studio-jardin.fr\/app\/uploads\/sites\/88\/2023\/02\/AdobeStock_197993378_Preview.jpeg","width":1000,"height":577},{"@type":"WebPage","@id":"https:\/\/www.wood-studio-jardin.fr\/extension-maison\/la-legislation-sur-les-studios-de-jardin-et-les-extensions-de-maison\/#webpage","url":"https:\/\/www.wood-studio-jardin.fr\/extension-maison\/la-legislation-sur-les-studios-de-jardin-et-les-extensions-de-maison\/","name":"La l\u00e9gislation sur les studios de jardin et les extensions de maison - Wood Studio Jardin","isPartOf":{"@id":"https:\/\/www.wood-studio-jardin.fr\/#website"},"primaryImageOfPage":{"@id":"https:\/\/www.wood-studio-jardin.fr\/extension-maison\/la-legislation-sur-les-studios-de-jardin-et-les-extensions-de-maison\/#primaryimage"},"datePublished":"2023-02-10T10:07:26+00:00","dateModified":"2023-02-11T20:40:48+00:00","author":{"@id":"https:\/\/www.wood-studio-jardin.fr\/#\/schema\/person\/ed515d6da7c9ad0c0aab56fe3732537d"},"description":"La mise en place d'un studio de jardin ou d'une extension de maison doit respecter des d\u00e9marches l\u00e9gales, Wood Studio les fait pour vous","breadcrumb":{"@id":"https:\/\/www.wood-studio-jardin.fr\/extension-maison\/la-legislation-sur-les-studios-de-jardin-et-les-extensions-de-maison\/#breadcrumb"},"inLanguage":"fr-FR","potentialAction":[{"@type":"ReadAction","target":["https:\/\/www.wood-studio-jardin.fr\/extension-maison\/la-legislation-sur-les-studios-de-jardin-et-les-extensions-de-maison\/"]}]},{"@type":"BreadcrumbList","@id":"https:\/\/www.wood-studio-jardin.fr\/extension-maison\/la-legislation-sur-les-studios-de-jardin-et-les-extensions-de-maison\/#breadcrumb","itemListElement":[{"@type":"ListItem","position":1,"name":"Accueil","item":"https:\/\/www.wood-studio-jardin.fr\/"},{"@type":"ListItem","position":2,"name":"La l\u00e9gislation sur les studios de jardin et les extensions de maison"}]},{"@type":"Person","@id":"https:\/\/www.wood-studio-jardin.fr\/#\/schema\/person\/ed515d6da7c9ad0c0aab56fe3732537d","name":"pauline@activ-communication.com","image":{"@type":"ImageObject","inLanguage":"fr-FR","@id":"https:\/\/www.wood-studio-jardin.fr\/#\/schema\/person\/image\/","url":"https:\/\/secure.gravatar.com\/avatar\/dbb4a53579c742ed4f74eb70a380fea0?s=96&d=mm&r=g","contentUrl":"https:\/\/secure.gravatar.com\/avatar\/dbb4a53579c742ed4f74eb70a380fea0?s=96&d=mm&r=g","caption":"pauline@activ-communication.com"},"sameAs":["http:\/\/ben@webdesign29.net"],"url":"https:\/\/www.wood-studio-jardin.fr\/author\/paulineactiv-communication-com\/"}]}},"_links":{"self":[{"href":"https:\/\/www.wood-studio-jardin.fr\/api\/wp\/v2\/posts\/35797"}],"collection":[{"href":"https:\/\/www.wood-studio-jardin.fr\/api\/wp\/v2\/posts"}],"about":[{"href":"https:\/\/www.wood-studio-jardin.fr\/api\/wp\/v2\/types\/post"}],"author":[{"embeddable":true,"href":"https:\/\/www.wood-studio-jardin.fr\/api\/wp\/v2\/users\/1350"}],"replies":[{"embeddable":true,"href":"https:\/\/www.wood-studio-jardin.fr\/api\/wp\/v2\/comments?post=35797"}],"version-history":[{"count":37,"href":"https:\/\/www.wood-studio-jardin.fr\/api\/wp\/v2\/posts\/35797\/revisions"}],"predecessor-version":[{"id":35978,"href":"https:\/\/www.wood-studio-jardin.fr\/api\/wp\/v2\/posts\/35797\/revisions\/35978"}],"wp:featuredmedia":[{"embeddable":true,"href":"https:\/\/www.wood-studio-jardin.fr\/api\/wp\/v2\/media\/35890"}],"wp:attachment":[{"href":"https:\/\/www.wood-studio-jardin.fr\/api\/wp\/v2\/media?parent=35797"}],"wp:term":[{"taxonomy":"category","embeddable":true,"href":"https:\/\/www.wood-studio-jardin.fr\/api\/wp\/v2\/categories?post=35797"},{"taxonomy":"post_tag","embeddable":true,"href":"https:\/\/www.wood-studio-jardin.fr\/api\/wp\/v2\/tags?post=35797"}],"curies":[{"name":"wp","href":"https:\/\/api.w.org\/{rel}","templated":true}]}}