{"id":35670,"date":"2023-01-17T16:46:07","date_gmt":"2023-01-17T15:46:07","guid":{"rendered":"https:\/\/www.wood-studio-jardin.fr\/?p=35670"},"modified":"2023-01-17T18:23:28","modified_gmt":"2023-01-17T17:23:28","slug":"taxe-amenagement-studio-de-jardin","status":"publish","type":"post","link":"https:\/\/www.wood-studio-jardin.fr\/infos-ossature-bois\/taxe-amenagement-studio-de-jardin\/","title":{"rendered":"Taxe am\u00e9nagement &#8211; Studio de jardin"},"content":{"rendered":"\t\t<div data-elementor-type=\"wp-post\" data-elementor-id=\"35670\" class=\"elementor elementor-35670\">\n\t\t\t\t\t\t\t\t\t<section class=\"elementor-section elementor-top-section elementor-element elementor-element-87c893e elementor-section-boxed elementor-section-height-default elementor-section-height-default\" data-id=\"87c893e\" data-element_type=\"section\">\n\t\t\t\t\t\t<div class=\"elementor-container elementor-column-gap-default\">\n\t\t\t\t\t<div class=\"elementor-column elementor-col-100 elementor-top-column elementor-element elementor-element-bbe130c\" data-id=\"bbe130c\" data-element_type=\"column\">\n\t\t\t<div class=\"elementor-widget-wrap elementor-element-populated\">\n\t\t\t\t\t\t\t\t<div class=\"elementor-element elementor-element-92b709a elementor-widget elementor-widget-heading\" data-id=\"92b709a\" data-element_type=\"widget\" data-widget_type=\"heading.default\">\n\t\t\t\t<div class=\"elementor-widget-container\">\n\t\t\t<style>\/*! elementor - v3.18.0 - 20-12-2023 *\/\n.elementor-heading-title{padding:0;margin:0;line-height:1}.elementor-widget-heading .elementor-heading-title[class*=elementor-size-]>a{color:inherit;font-size:inherit;line-height:inherit}.elementor-widget-heading .elementor-heading-title.elementor-size-small{font-size:15px}.elementor-widget-heading .elementor-heading-title.elementor-size-medium{font-size:19px}.elementor-widget-heading .elementor-heading-title.elementor-size-large{font-size:29px}.elementor-widget-heading .elementor-heading-title.elementor-size-xl{font-size:39px}.elementor-widget-heading .elementor-heading-title.elementor-size-xxl{font-size:59px}<\/style><h2 class=\"elementor-heading-title elementor-size-default\">Taxe am\u00e9nagement<\/h2>\t\t<\/div>\n\t\t\t\t<\/div>\n\t\t\t\t<div class=\"elementor-element elementor-element-58c5190 elementor-widget-divider--view-line elementor-widget elementor-widget-divider\" data-id=\"58c5190\" data-element_type=\"widget\" data-widget_type=\"divider.default\">\n\t\t\t\t<div class=\"elementor-widget-container\">\n\t\t\t<style>\/*! elementor - v3.18.0 - 20-12-2023 *\/\n.elementor-widget-divider{--divider-border-style:none;--divider-border-width:1px;--divider-color:#0c0d0e;--divider-icon-size:20px;--divider-element-spacing:10px;--divider-pattern-height:24px;--divider-pattern-size:20px;--divider-pattern-url:none;--divider-pattern-repeat:repeat-x}.elementor-widget-divider .elementor-divider{display:flex}.elementor-widget-divider .elementor-divider__text{font-size:15px;line-height:1;max-width:95%}.elementor-widget-divider .elementor-divider__element{margin:0 var(--divider-element-spacing);flex-shrink:0}.elementor-widget-divider .elementor-icon{font-size:var(--divider-icon-size)}.elementor-widget-divider .elementor-divider-separator{display:flex;margin:0;direction:ltr}.elementor-widget-divider--view-line_icon .elementor-divider-separator,.elementor-widget-divider--view-line_text .elementor-divider-separator{align-items:center}.elementor-widget-divider--view-line_icon .elementor-divider-separator:after,.elementor-widget-divider--view-line_icon .elementor-divider-separator:before,.elementor-widget-divider--view-line_text .elementor-divider-separator:after,.elementor-widget-divider--view-line_text .elementor-divider-separator:before{display:block;content:\"\";border-bottom:0;flex-grow:1;border-top:var(--divider-border-width) var(--divider-border-style) var(--divider-color)}.elementor-widget-divider--element-align-left .elementor-divider .elementor-divider-separator>.elementor-divider__svg:first-of-type{flex-grow:0;flex-shrink:100}.elementor-widget-divider--element-align-left .elementor-divider-separator:before{content:none}.elementor-widget-divider--element-align-left .elementor-divider__element{margin-left:0}.elementor-widget-divider--element-align-right .elementor-divider .elementor-divider-separator>.elementor-divider__svg:last-of-type{flex-grow:0;flex-shrink:100}.elementor-widget-divider--element-align-right .elementor-divider-separator:after{content:none}.elementor-widget-divider--element-align-right .elementor-divider__element{margin-right:0}.elementor-widget-divider:not(.elementor-widget-divider--view-line_text):not(.elementor-widget-divider--view-line_icon) .elementor-divider-separator{border-top:var(--divider-border-width) var(--divider-border-style) var(--divider-color)}.elementor-widget-divider--separator-type-pattern{--divider-border-style:none}.elementor-widget-divider--separator-type-pattern.elementor-widget-divider--view-line .elementor-divider-separator,.elementor-widget-divider--separator-type-pattern:not(.elementor-widget-divider--view-line) .elementor-divider-separator:after,.elementor-widget-divider--separator-type-pattern:not(.elementor-widget-divider--view-line) .elementor-divider-separator:before,.elementor-widget-divider--separator-type-pattern:not([class*=elementor-widget-divider--view]) .elementor-divider-separator{width:100%;min-height:var(--divider-pattern-height);-webkit-mask-size:var(--divider-pattern-size) 100%;mask-size:var(--divider-pattern-size) 100%;-webkit-mask-repeat:var(--divider-pattern-repeat);mask-repeat:var(--divider-pattern-repeat);background-color:var(--divider-color);-webkit-mask-image:var(--divider-pattern-url);mask-image:var(--divider-pattern-url)}.elementor-widget-divider--no-spacing{--divider-pattern-size:auto}.elementor-widget-divider--bg-round{--divider-pattern-repeat:round}.rtl .elementor-widget-divider .elementor-divider__text{direction:rtl}.e-con-inner>.elementor-widget-divider,.e-con>.elementor-widget-divider{width:var(--container-widget-width,100%);--flex-grow:var(--container-widget-flex-grow)}<\/style>\t\t<div class=\"elementor-divider\">\n\t\t\t<span class=\"elementor-divider-separator\">\n\t\t\t\t\t\t<\/span>\n\t\t<\/div>\n\t\t\t\t<\/div>\n\t\t\t\t<\/div>\n\t\t\t\t\t<\/div>\n\t\t<\/div>\n\t\t\t\t\t\t\t<\/div>\n\t\t<\/section>\n\t\t\t\t<section class=\"elementor-section elementor-top-section elementor-element elementor-element-edcbfaa elementor-section-boxed elementor-section-height-default elementor-section-height-default\" data-id=\"edcbfaa\" data-element_type=\"section\">\n\t\t\t\t\t\t<div class=\"elementor-container elementor-column-gap-default\">\n\t\t\t\t\t<div class=\"elementor-column elementor-col-50 elementor-top-column elementor-element elementor-element-617d506\" data-id=\"617d506\" data-element_type=\"column\">\n\t\t\t<div class=\"elementor-widget-wrap elementor-element-populated\">\n\t\t\t\t\t\t\t\t<div class=\"elementor-element elementor-element-a91ffca elementor-widget elementor-widget-heading\" data-id=\"a91ffca\" data-element_type=\"widget\" data-widget_type=\"heading.default\">\n\t\t\t\t<div class=\"elementor-widget-container\">\n\t\t\t<h2 class=\"elementor-heading-title elementor-size-default\">Taxe studio de jardin 2023 : comment calculer votre taxe d\u2019am\u00e9nagement ?<\/h2>\t\t<\/div>\n\t\t\t\t<\/div>\n\t\t\t\t<div class=\"elementor-element elementor-element-5f10676 elementor-widget-divider--view-line elementor-widget elementor-widget-divider\" data-id=\"5f10676\" data-element_type=\"widget\" data-widget_type=\"divider.default\">\n\t\t\t\t<div class=\"elementor-widget-container\">\n\t\t\t\t\t<div class=\"elementor-divider\">\n\t\t\t<span class=\"elementor-divider-separator\">\n\t\t\t\t\t\t<\/span>\n\t\t<\/div>\n\t\t\t\t<\/div>\n\t\t\t\t<\/div>\n\t\t\t\t<div class=\"elementor-element elementor-element-aa15c9a elementor-widget elementor-widget-text-editor\" data-id=\"aa15c9a\" data-element_type=\"widget\" data-widget_type=\"text-editor.default\">\n\t\t\t\t<div class=\"elementor-widget-container\">\n\t\t\t<style>\/*! elementor - v3.18.0 - 20-12-2023 *\/\n.elementor-widget-text-editor.elementor-drop-cap-view-stacked .elementor-drop-cap{background-color:#69727d;color:#fff}.elementor-widget-text-editor.elementor-drop-cap-view-framed .elementor-drop-cap{color:#69727d;border:3px solid;background-color:transparent}.elementor-widget-text-editor:not(.elementor-drop-cap-view-default) .elementor-drop-cap{margin-top:8px}.elementor-widget-text-editor:not(.elementor-drop-cap-view-default) .elementor-drop-cap-letter{width:1em;height:1em}.elementor-widget-text-editor .elementor-drop-cap{float:left;text-align:center;line-height:1;font-size:50px}.elementor-widget-text-editor .elementor-drop-cap-letter{display:inline-block}<\/style>\t\t\t\t<p>Un imp\u00f4t s\u2019applique \u00e0 toutes les constructions de plus de 5m\u00b2 et d\u2019une hauteur de plafond \u00e9gale ou sup\u00e9rieure \u00e0 1m80, sur votre terrain. La taxe d\u2019am\u00e9nagement concerne donc la plupart des abris de jardin, studio de jardin autre chalets en bois.<\/p><p>Toutefois attention, cette taxe, aussi appel\u00e9e taxe \u00ab cabane de jardin \u00bb n\u2019est pas assimilable \u00e0 la taxe fonci\u00e8re ou \u00e0 la taxe d\u2019habitation.<\/p><p>Elle n\u2019est-elle \u00e0 r\u00e9gler qu\u2019une seule fois, quatorze mois apr\u00e8s la d\u00e9livrance de l\u2019autorisation d\u2019urbanisme (hormis si le montant de cette derni\u00e8re exc\u00e8de 1 500\u20ac, la seconde partie sera alors \u00e0 r\u00e9gler le 26\u00e8me mois).<\/p>\t\t\t\t\t\t<\/div>\n\t\t\t\t<\/div>\n\t\t\t\t\t<\/div>\n\t\t<\/div>\n\t\t\t\t<div class=\"elementor-column elementor-col-50 elementor-top-column elementor-element elementor-element-fd9fc8e\" data-id=\"fd9fc8e\" data-element_type=\"column\">\n\t\t\t<div class=\"elementor-widget-wrap elementor-element-populated\">\n\t\t\t\t\t\t\t\t<div class=\"elementor-element elementor-element-5ad75ba elementor-widget elementor-widget-image\" data-id=\"5ad75ba\" data-element_type=\"widget\" data-widget_type=\"image.default\">\n\t\t\t\t<div class=\"elementor-widget-container\">\n\t\t\t<style>\/*! elementor - v3.18.0 - 20-12-2023 *\/\n.elementor-widget-image{text-align:center}.elementor-widget-image a{display:inline-block}.elementor-widget-image a img[src$=\".svg\"]{width:48px}.elementor-widget-image img{vertical-align:middle;display:inline-block}<\/style>\t\t\t\t\t\t\t\t\t\t\t\t<img fetchpriority=\"high\" decoding=\"async\" width=\"1024\" height=\"768\" src=\"https:\/\/www.wood-studio-jardin.fr\/app\/uploads\/sites\/88\/2022\/11\/IMG_0055-1024x768.jpg\" class=\"attachment-large size-large wp-image-35616\" alt=\"\" srcset=\"https:\/\/www.wood-studio-jardin.fr\/app\/uploads\/sites\/88\/2022\/11\/IMG_0055-1024x768.jpg 1024w, https:\/\/www.wood-studio-jardin.fr\/app\/uploads\/sites\/88\/2022\/11\/IMG_0055-300x225.jpg 300w, https:\/\/www.wood-studio-jardin.fr\/app\/uploads\/sites\/88\/2022\/11\/IMG_0055-768x576.jpg 768w, https:\/\/www.wood-studio-jardin.fr\/app\/uploads\/sites\/88\/2022\/11\/IMG_0055-1536x1152.jpg 1536w, https:\/\/www.wood-studio-jardin.fr\/app\/uploads\/sites\/88\/2022\/11\/IMG_0055-2048x1536.jpg 2048w, https:\/\/www.wood-studio-jardin.fr\/app\/uploads\/sites\/88\/2022\/11\/IMG_0055-600x450.jpg 600w\" sizes=\"(max-width: 1024px) 100vw, 1024px\" \/>\t\t\t\t\t\t\t\t\t\t\t\t\t\t\t<\/div>\n\t\t\t\t<\/div>\n\t\t\t\t\t<\/div>\n\t\t<\/div>\n\t\t\t\t\t\t\t<\/div>\n\t\t<\/section>\n\t\t\t\t<section class=\"elementor-section elementor-top-section elementor-element elementor-element-e4023c3 elementor-section-boxed elementor-section-height-default elementor-section-height-default\" data-id=\"e4023c3\" data-element_type=\"section\">\n\t\t\t\t\t\t<div class=\"elementor-container elementor-column-gap-default\">\n\t\t\t\t\t<div class=\"elementor-column elementor-col-100 elementor-top-column elementor-element elementor-element-e171178\" data-id=\"e171178\" data-element_type=\"column\">\n\t\t\t<div class=\"elementor-widget-wrap elementor-element-populated\">\n\t\t\t\t\t\t\t\t<div class=\"elementor-element elementor-element-c0d4718 elementor-widget elementor-widget-heading\" data-id=\"c0d4718\" data-element_type=\"widget\" data-widget_type=\"heading.default\">\n\t\t\t\t<div class=\"elementor-widget-container\">\n\t\t\t<h2 class=\"elementor-heading-title elementor-size-default\">Comment calculer la taxe cabane de jardin ?<\/h2>\t\t<\/div>\n\t\t\t\t<\/div>\n\t\t\t\t<div class=\"elementor-element elementor-element-7109d8a elementor-widget-divider--view-line elementor-widget elementor-widget-divider\" data-id=\"7109d8a\" data-element_type=\"widget\" data-widget_type=\"divider.default\">\n\t\t\t\t<div class=\"elementor-widget-container\">\n\t\t\t\t\t<div class=\"elementor-divider\">\n\t\t\t<span class=\"elementor-divider-separator\">\n\t\t\t\t\t\t<\/span>\n\t\t<\/div>\n\t\t\t\t<\/div>\n\t\t\t\t<\/div>\n\t\t\t\t<div class=\"elementor-element elementor-element-b9830a1 elementor-widget elementor-widget-text-editor\" data-id=\"b9830a1\" data-element_type=\"widget\" data-widget_type=\"text-editor.default\">\n\t\t\t\t<div class=\"elementor-widget-container\">\n\t\t\t\t\t\t\t<p>Pour calculer la taxe de votre cabane de jardin vous devez prendre en compte plusieurs \u00e9l\u00e9ments : le socle national, le taux communal et le taux d\u00e9partemental.<\/p>\t\t\t\t\t\t<\/div>\n\t\t\t\t<\/div>\n\t\t\t\t<div class=\"elementor-element elementor-element-77b6250 elementor-widget elementor-widget-heading\" data-id=\"77b6250\" data-element_type=\"widget\" data-widget_type=\"heading.default\">\n\t\t\t\t<div class=\"elementor-widget-container\">\n\t\t\t<h2 class=\"elementor-heading-title elementor-size-default\">Base de calcul forfaitaire 2022<\/h2>\t\t<\/div>\n\t\t\t\t<\/div>\n\t\t\t\t<div class=\"elementor-element elementor-element-71194f5 elementor-widget elementor-widget-text-editor\" data-id=\"71194f5\" data-element_type=\"widget\" data-widget_type=\"text-editor.default\">\n\t\t\t\t<div class=\"elementor-widget-container\">\n\t\t\t\t\t\t\t<p>En premier lieu, on calcule la valeur fonci\u00e8re de cette construction avec le tarif forfaitaire national au m\u00e8tre carr\u00e9 de l\u2019extension concern\u00e9e. Pour un abri de jardin, la valeur fonci\u00e8re 2022 est de :<\/p><ul><li>820 euros par m\u00b2 hors Ile-de-France<\/li><li>929 euros par m\u00b2 en Ile-de-France<\/li><\/ul>\t\t\t\t\t\t<\/div>\n\t\t\t\t<\/div>\n\t\t\t\t<div class=\"elementor-element elementor-element-42c03f3 elementor-widget elementor-widget-heading\" data-id=\"42c03f3\" data-element_type=\"widget\" data-widget_type=\"heading.default\">\n\t\t\t\t<div class=\"elementor-widget-container\">\n\t\t\t<h2 class=\"elementor-heading-title elementor-size-default\">Taux d\u2019imposition communal et d\u00e9partemental<\/h2>\t\t<\/div>\n\t\t\t\t<\/div>\n\t\t\t\t<div class=\"elementor-element elementor-element-a50d492 elementor-widget elementor-widget-text-editor\" data-id=\"a50d492\" data-element_type=\"widget\" data-widget_type=\"text-editor.default\">\n\t\t\t\t<div class=\"elementor-widget-container\">\n\t\t\t\t\t\t\t<p>L\u2019imposition d\u00e9pend de la commune et du d\u00e9partement. Ce sont elles qui fixent les taux d\u2019imposition qui sont vot\u00e9s chaque ann\u00e9e : entre 1% et 5% pour une commune et 1% et 2,5% pour un d\u00e9partement.<br><br>Source : Minist\u00e8re de la Coh\u00e9sion des Territoires<\/p>\t\t\t\t\t\t<\/div>\n\t\t\t\t<\/div>\n\t\t\t\t<div class=\"elementor-element elementor-element-5657dd3 elementor-widget elementor-widget-button\" data-id=\"5657dd3\" data-element_type=\"widget\" data-widget_type=\"button.default\">\n\t\t\t\t<div class=\"elementor-widget-container\">\n\t\t\t\t\t<div class=\"elementor-button-wrapper\">\n\t\t\t<a class=\"elementor-button elementor-button-link elementor-size-sm\" href=\"https:\/\/www.ecologie.gouv.fr\/calcul-taxe-damenagement\">\n\t\t\t\t\t\t<span class=\"elementor-button-content-wrapper\">\n\t\t\t\t\t\t<span class=\"elementor-button-text\">Simulez la taxe d\u2019am\u00e9nagement de votre projet<\/span>\n\t\t<\/span>\n\t\t\t\t\t<\/a>\n\t\t<\/div>\n\t\t\t\t<\/div>\n\t\t\t\t<\/div>\n\t\t\t\t<div class=\"elementor-element elementor-element-27d3a0a elementor-widget elementor-widget-heading\" data-id=\"27d3a0a\" data-element_type=\"widget\" data-widget_type=\"heading.default\">\n\t\t\t\t<div class=\"elementor-widget-container\">\n\t\t\t<h2 class=\"elementor-heading-title elementor-size-default\">Informations compl\u00e9mentaires<\/h2>\t\t<\/div>\n\t\t\t\t<\/div>\n\t\t\t\t<div class=\"elementor-element elementor-element-9cf405b elementor-widget elementor-widget-text-editor\" data-id=\"9cf405b\" data-element_type=\"widget\" data-widget_type=\"text-editor.default\">\n\t\t\t\t<div class=\"elementor-widget-container\">\n\t\t\t\t\t\t\t<p>Vos revenus ne sont pas pris en compte dans le calcul de cette taxe.<br \/>Certaines communes n\u2019appliquent pas de taux d\u2019imposition.<\/p><p>Vous devez d\u00e9poser au service de l\u2019urbanisme de la mairie :<\/p><ul><li>Une simple d\u00e9claration pr\u00e9alable si la surface plancher de l\u2019abri de jardin est comprise entre 5 et 20 m\u00b2 comme un studio de jardin Wood studio<\/li><li>Une demande de permis de construire au-del\u00e0 de 20 m\u00b2 (plus contraignant).<\/li><\/ul>\t\t\t\t\t\t<\/div>\n\t\t\t\t<\/div>\n\t\t\t\t<div class=\"elementor-element elementor-element-02dade9 elementor-widget elementor-widget-heading\" data-id=\"02dade9\" data-element_type=\"widget\" data-widget_type=\"heading.default\">\n\t\t\t\t<div class=\"elementor-widget-container\">\n\t\t\t<h2 class=\"elementor-heading-title elementor-size-default\">Exemple de calcul de la taxe d\u2019un studio de jardin Dans le cas d\u2019un studio de jardin de 15m\u00b2<\/h2>\t\t<\/div>\n\t\t\t\t<\/div>\n\t\t\t\t<div class=\"elementor-element elementor-element-e426de8 elementor-widget elementor-widget-text-editor\" data-id=\"e426de8\" data-element_type=\"widget\" data-widget_type=\"text-editor.default\">\n\t\t\t\t<div class=\"elementor-widget-container\">\n\t\t\t\t\t\t\t<p>Admettons que vous vivez dans une commune au sein d\u2019un d\u00e9partement ayant choisi tous deux d\u2019appliquer le taux maximum d\u2019imposition.<br \/>Valeur fonci\u00e8re pour 15m\u00b2 : 15 x 820 \u20ac =12.300<br \/>Valeur fonci\u00e8re apr\u00e8s abattement : 12.300\u20ac \/ 2 = 6.150 \u20ac<br \/>(un abattement de 50% s\u2019applique aux 100 premiers m\u00e8tres carr\u00e9s des locaux \u00e0 usage d\u2019habitation principale).<br \/>Taxe relevant de la Commune 5% : 6.150 \u20ac x 5% = 307,5 \u20ac<br \/>Taxe relevant du D\u00e9partement 2.5% : 6.150 \u20ac x 2.5% = 153,75 \u20ac<br \/>TOTAL = 461,25 \u20ac<\/p><p>Dans ce sc\u00e9nario volontairement pessimiste, il faudra donc vous acquitter d\u2019une taxe d\u2019am\u00e9nagement de 461,25 \u20ac.<\/p><p>Pour plus d\u2019informations n\u2019h\u00e9sitez pas \u00e0 nous contacter directement.<\/p>\t\t\t\t\t\t<\/div>\n\t\t\t\t<\/div>\n\t\t\t\t\t<\/div>\n\t\t<\/div>\n\t\t\t\t\t\t\t<\/div>\n\t\t<\/section>\n\t\t\t\t\t\t\t<\/div>\n\t\t","protected":false},"excerpt":{"rendered":"<p>Les studios de jardin sont la solution id\u00e9ale si vous souhaitez mettre \u00e0 profit la surface de votre jardin en la rendant\u00a0unique, pratique et fonctionnel. Chez WOOD STUDIO, nous les avons pens\u00e9 de fa\u00e7on \u00e0 vous offrir un espace qui m\u00eale \u00e0 la fois autonomie et qualit\u00e9 des mat\u00e9riaux, s\u00e9lectionn\u00e9s avec la plus grande rigueur,&#8230;<\/p>\n","protected":false},"author":3,"featured_media":35616,"comment_status":"open","ping_status":"open","sticky":false,"template":"","format":"standard","meta":{"_kad_post_transparent":"default","_kad_post_title":"default","_kad_post_layout":"default","_kad_post_sidebar_id":"","_kad_post_content_style":"default","_kad_post_vertical_padding":"default","_kad_post_feature":"","_kad_post_feature_position":"","_kad_post_header":false,"_kad_post_footer":false,"footnotes":""},"categories":[613],"tags":[],"yoast_head":"<!-- This site is optimized with the Yoast SEO plugin v19.2 - https:\/\/yoast.com\/wordpress\/plugins\/seo\/ -->\n<title>Taxe am\u00e9nagement - Studio de jardin - Wood Studio Jardin<\/title>\n<meta name=\"robots\" content=\"index, follow, max-snippet:-1, max-image-preview:large, max-video-preview:-1\" \/>\n<link rel=\"canonical\" href=\"https:\/\/www.wood-studio-jardin.fr\/infos-ossature-bois\/taxe-amenagement-studio-de-jardin\/\" \/>\n<meta property=\"og:locale\" content=\"fr_FR\" \/>\n<meta property=\"og:type\" content=\"article\" \/>\n<meta property=\"og:url\" content=\"https:\/\/www.wood-studio-jardin.fr\/infos-ossature-bois\/taxe-amenagement-studio-de-jardin\/\" \/>\n<meta property=\"og:site_name\" content=\"Wood Studio Jardin\" \/>\n<meta property=\"article:published_time\" content=\"2023-01-17T15:46:07+00:00\" \/>\n<meta property=\"article:modified_time\" content=\"2023-01-17T17:23:28+00:00\" \/>\n<meta property=\"og:image\" content=\"https:\/\/www.wood-studio-jardin.fr\/app\/uploads\/sites\/88\/2022\/11\/IMG_0055-scaled.jpg\" \/>\n\t<meta property=\"og:image:width\" content=\"2560\" \/>\n\t<meta property=\"og:image:height\" content=\"1920\" \/>\n\t<meta property=\"og:image:type\" content=\"image\/jpeg\" \/>\n<meta name=\"author\" content=\"Bruno\" \/>\n<meta name=\"twitter:card\" content=\"summary_large_image\" \/>\n<meta name=\"twitter:label1\" content=\"Written by\" \/>\n\t<meta name=\"twitter:data1\" content=\"Bruno\" \/>\n\t<meta name=\"twitter:label2\" content=\"Est. reading time\" \/>\n\t<meta name=\"twitter:data2\" content=\"3 minutes\" \/>\n<script type=\"application\/ld+json\" class=\"yoast-schema-graph\">{\"@context\":\"https:\/\/schema.org\",\"@graph\":[{\"@type\":\"WebSite\",\"@id\":\"https:\/\/www.wood-studio-jardin.fr\/#website\",\"url\":\"https:\/\/www.wood-studio-jardin.fr\/\",\"name\":\"Wood Studio Jardin\",\"description\":\"Studio de jardin, extension de maison sur Brest, Rennes, Vannes, St-Brieuc, Quimper, Lorient, Dinard, Dinan...\",\"potentialAction\":[{\"@type\":\"SearchAction\",\"target\":{\"@type\":\"EntryPoint\",\"urlTemplate\":\"https:\/\/www.wood-studio-jardin.fr\/?s={search_term_string}\"},\"query-input\":\"required name=search_term_string\"}],\"inLanguage\":\"fr-FR\"},{\"@type\":\"ImageObject\",\"inLanguage\":\"fr-FR\",\"@id\":\"https:\/\/www.wood-studio-jardin.fr\/infos-ossature-bois\/taxe-amenagement-studio-de-jardin\/#primaryimage\",\"url\":\"https:\/\/www.wood-studio-jardin.fr\/app\/uploads\/sites\/88\/2022\/11\/IMG_0055-scaled.jpg\",\"contentUrl\":\"https:\/\/www.wood-studio-jardin.fr\/app\/uploads\/sites\/88\/2022\/11\/IMG_0055-scaled.jpg\",\"width\":2560,\"height\":1920},{\"@type\":\"WebPage\",\"@id\":\"https:\/\/www.wood-studio-jardin.fr\/infos-ossature-bois\/taxe-amenagement-studio-de-jardin\/#webpage\",\"url\":\"https:\/\/www.wood-studio-jardin.fr\/infos-ossature-bois\/taxe-amenagement-studio-de-jardin\/\",\"name\":\"Taxe am\u00e9nagement - Studio de jardin - Wood Studio Jardin\",\"isPartOf\":{\"@id\":\"https:\/\/www.wood-studio-jardin.fr\/#website\"},\"primaryImageOfPage\":{\"@id\":\"https:\/\/www.wood-studio-jardin.fr\/infos-ossature-bois\/taxe-amenagement-studio-de-jardin\/#primaryimage\"},\"datePublished\":\"2023-01-17T15:46:07+00:00\",\"dateModified\":\"2023-01-17T17:23:28+00:00\",\"author\":{\"@id\":\"https:\/\/www.wood-studio-jardin.fr\/#\/schema\/person\/c569b14d641089edfdd9e00564110bf7\"},\"breadcrumb\":{\"@id\":\"https:\/\/www.wood-studio-jardin.fr\/infos-ossature-bois\/taxe-amenagement-studio-de-jardin\/#breadcrumb\"},\"inLanguage\":\"fr-FR\",\"potentialAction\":[{\"@type\":\"ReadAction\",\"target\":[\"https:\/\/www.wood-studio-jardin.fr\/infos-ossature-bois\/taxe-amenagement-studio-de-jardin\/\"]}]},{\"@type\":\"BreadcrumbList\",\"@id\":\"https:\/\/www.wood-studio-jardin.fr\/infos-ossature-bois\/taxe-amenagement-studio-de-jardin\/#breadcrumb\",\"itemListElement\":[{\"@type\":\"ListItem\",\"position\":1,\"name\":\"Accueil\",\"item\":\"https:\/\/www.wood-studio-jardin.fr\/\"},{\"@type\":\"ListItem\",\"position\":2,\"name\":\"Taxe am\u00e9nagement &#8211; Studio de jardin\"}]},{\"@type\":\"Person\",\"@id\":\"https:\/\/www.wood-studio-jardin.fr\/#\/schema\/person\/c569b14d641089edfdd9e00564110bf7\",\"name\":\"Bruno\",\"image\":{\"@type\":\"ImageObject\",\"inLanguage\":\"fr-FR\",\"@id\":\"https:\/\/www.wood-studio-jardin.fr\/#\/schema\/person\/image\/\",\"url\":\"https:\/\/secure.gravatar.com\/avatar\/cc6315449aeca5d2161ea2906cefa118?s=96&d=mm&r=g\",\"contentUrl\":\"https:\/\/secure.gravatar.com\/avatar\/cc6315449aeca5d2161ea2906cefa118?s=96&d=mm&r=g\",\"caption\":\"Bruno\"},\"url\":\"https:\/\/www.wood-studio-jardin.fr\/author\/bruno\/\"}]}<\/script>\n<!-- \/ Yoast SEO plugin. -->","yoast_head_json":{"title":"Taxe am\u00e9nagement - Studio de jardin - Wood Studio Jardin","robots":{"index":"index","follow":"follow","max-snippet":"max-snippet:-1","max-image-preview":"max-image-preview:large","max-video-preview":"max-video-preview:-1"},"canonical":"https:\/\/www.wood-studio-jardin.fr\/infos-ossature-bois\/taxe-amenagement-studio-de-jardin\/","og_locale":"fr_FR","og_type":"article","og_url":"https:\/\/www.wood-studio-jardin.fr\/infos-ossature-bois\/taxe-amenagement-studio-de-jardin\/","og_site_name":"Wood Studio Jardin","article_published_time":"2023-01-17T15:46:07+00:00","article_modified_time":"2023-01-17T17:23:28+00:00","og_image":[{"width":2560,"height":1920,"url":"https:\/\/www.wood-studio-jardin.fr\/app\/uploads\/sites\/88\/2022\/11\/IMG_0055-scaled.jpg","type":"image\/jpeg"}],"author":"Bruno","twitter_card":"summary_large_image","twitter_misc":{"Written by":"Bruno","Est. reading time":"3 minutes"},"schema":{"@context":"https:\/\/schema.org","@graph":[{"@type":"WebSite","@id":"https:\/\/www.wood-studio-jardin.fr\/#website","url":"https:\/\/www.wood-studio-jardin.fr\/","name":"Wood Studio Jardin","description":"Studio de jardin, extension de maison sur Brest, Rennes, Vannes, St-Brieuc, Quimper, Lorient, Dinard, Dinan...","potentialAction":[{"@type":"SearchAction","target":{"@type":"EntryPoint","urlTemplate":"https:\/\/www.wood-studio-jardin.fr\/?s={search_term_string}"},"query-input":"required name=search_term_string"}],"inLanguage":"fr-FR"},{"@type":"ImageObject","inLanguage":"fr-FR","@id":"https:\/\/www.wood-studio-jardin.fr\/infos-ossature-bois\/taxe-amenagement-studio-de-jardin\/#primaryimage","url":"https:\/\/www.wood-studio-jardin.fr\/app\/uploads\/sites\/88\/2022\/11\/IMG_0055-scaled.jpg","contentUrl":"https:\/\/www.wood-studio-jardin.fr\/app\/uploads\/sites\/88\/2022\/11\/IMG_0055-scaled.jpg","width":2560,"height":1920},{"@type":"WebPage","@id":"https:\/\/www.wood-studio-jardin.fr\/infos-ossature-bois\/taxe-amenagement-studio-de-jardin\/#webpage","url":"https:\/\/www.wood-studio-jardin.fr\/infos-ossature-bois\/taxe-amenagement-studio-de-jardin\/","name":"Taxe am\u00e9nagement - Studio de jardin - Wood Studio Jardin","isPartOf":{"@id":"https:\/\/www.wood-studio-jardin.fr\/#website"},"primaryImageOfPage":{"@id":"https:\/\/www.wood-studio-jardin.fr\/infos-ossature-bois\/taxe-amenagement-studio-de-jardin\/#primaryimage"},"datePublished":"2023-01-17T15:46:07+00:00","dateModified":"2023-01-17T17:23:28+00:00","author":{"@id":"https:\/\/www.wood-studio-jardin.fr\/#\/schema\/person\/c569b14d641089edfdd9e00564110bf7"},"breadcrumb":{"@id":"https:\/\/www.wood-studio-jardin.fr\/infos-ossature-bois\/taxe-amenagement-studio-de-jardin\/#breadcrumb"},"inLanguage":"fr-FR","potentialAction":[{"@type":"ReadAction","target":["https:\/\/www.wood-studio-jardin.fr\/infos-ossature-bois\/taxe-amenagement-studio-de-jardin\/"]}]},{"@type":"BreadcrumbList","@id":"https:\/\/www.wood-studio-jardin.fr\/infos-ossature-bois\/taxe-amenagement-studio-de-jardin\/#breadcrumb","itemListElement":[{"@type":"ListItem","position":1,"name":"Accueil","item":"https:\/\/www.wood-studio-jardin.fr\/"},{"@type":"ListItem","position":2,"name":"Taxe am\u00e9nagement &#8211; Studio de jardin"}]},{"@type":"Person","@id":"https:\/\/www.wood-studio-jardin.fr\/#\/schema\/person\/c569b14d641089edfdd9e00564110bf7","name":"Bruno","image":{"@type":"ImageObject","inLanguage":"fr-FR","@id":"https:\/\/www.wood-studio-jardin.fr\/#\/schema\/person\/image\/","url":"https:\/\/secure.gravatar.com\/avatar\/cc6315449aeca5d2161ea2906cefa118?s=96&d=mm&r=g","contentUrl":"https:\/\/secure.gravatar.com\/avatar\/cc6315449aeca5d2161ea2906cefa118?s=96&d=mm&r=g","caption":"Bruno"},"url":"https:\/\/www.wood-studio-jardin.fr\/author\/bruno\/"}]}},"_links":{"self":[{"href":"https:\/\/www.wood-studio-jardin.fr\/api\/wp\/v2\/posts\/35670"}],"collection":[{"href":"https:\/\/www.wood-studio-jardin.fr\/api\/wp\/v2\/posts"}],"about":[{"href":"https:\/\/www.wood-studio-jardin.fr\/api\/wp\/v2\/types\/post"}],"author":[{"embeddable":true,"href":"https:\/\/www.wood-studio-jardin.fr\/api\/wp\/v2\/users\/3"}],"replies":[{"embeddable":true,"href":"https:\/\/www.wood-studio-jardin.fr\/api\/wp\/v2\/comments?post=35670"}],"version-history":[{"count":20,"href":"https:\/\/www.wood-studio-jardin.fr\/api\/wp\/v2\/posts\/35670\/revisions"}],"predecessor-version":[{"id":35692,"href":"https:\/\/www.wood-studio-jardin.fr\/api\/wp\/v2\/posts\/35670\/revisions\/35692"}],"wp:featuredmedia":[{"embeddable":true,"href":"https:\/\/www.wood-studio-jardin.fr\/api\/wp\/v2\/media\/35616"}],"wp:attachment":[{"href":"https:\/\/www.wood-studio-jardin.fr\/api\/wp\/v2\/media?parent=35670"}],"wp:term":[{"taxonomy":"category","embeddable":true,"href":"https:\/\/www.wood-studio-jardin.fr\/api\/wp\/v2\/categories?post=35670"},{"taxonomy":"post_tag","embeddable":true,"href":"https:\/\/www.wood-studio-jardin.fr\/api\/wp\/v2\/tags?post=35670"}],"curies":[{"name":"wp","href":"https:\/\/api.w.org\/{rel}","templated":true}]}}