{"id":35207,"date":"2022-09-13T09:22:23","date_gmt":"2022-09-13T08:22:23","guid":{"rendered":"https:\/\/www.wood-studio-jardin.fr\/?p=35207"},"modified":"2022-09-14T12:45:10","modified_gmt":"2022-09-14T11:45:10","slug":"extension-maison-toit-plat-bretagne","status":"publish","type":"post","link":"https:\/\/www.wood-studio-jardin.fr\/studio-amenage\/extension-maison-toit-plat-bretagne\/","title":{"rendered":"Extension de maison toit plat &#8211; Bretagne"},"content":{"rendered":"\t\t<div data-elementor-type=\"wp-post\" data-elementor-id=\"35207\" class=\"elementor elementor-35207\">\n\t\t\t\t\t\t\t\t\t<section class=\"elementor-section elementor-top-section elementor-element elementor-element-87c893e elementor-section-boxed elementor-section-height-default elementor-section-height-default\" data-id=\"87c893e\" data-element_type=\"section\">\n\t\t\t\t\t\t<div class=\"elementor-container elementor-column-gap-default\">\n\t\t\t\t\t<div class=\"elementor-column elementor-col-100 elementor-top-column elementor-element elementor-element-bbe130c\" data-id=\"bbe130c\" data-element_type=\"column\">\n\t\t\t<div class=\"elementor-widget-wrap elementor-element-populated\">\n\t\t\t\t\t\t\t\t<div class=\"elementor-element elementor-element-c216300 elementor-widget elementor-widget-text-editor\" data-id=\"c216300\" data-element_type=\"widget\" data-widget_type=\"text-editor.default\">\n\t\t\t\t<div class=\"elementor-widget-container\">\n\t\t\t<style>\/*! elementor - v3.18.0 - 20-12-2023 *\/\n.elementor-widget-text-editor.elementor-drop-cap-view-stacked .elementor-drop-cap{background-color:#69727d;color:#fff}.elementor-widget-text-editor.elementor-drop-cap-view-framed .elementor-drop-cap{color:#69727d;border:3px solid;background-color:transparent}.elementor-widget-text-editor:not(.elementor-drop-cap-view-default) .elementor-drop-cap{margin-top:8px}.elementor-widget-text-editor:not(.elementor-drop-cap-view-default) .elementor-drop-cap-letter{width:1em;height:1em}.elementor-widget-text-editor .elementor-drop-cap{float:left;text-align:center;line-height:1;font-size:50px}.elementor-widget-text-editor .elementor-drop-cap-letter{display:inline-block}<\/style>\t\t\t\t<p>La majorit\u00e9 de nos extensions de maison sont construites avec un toit plat.<br \/>D\u00e9couvrez quels en sont les avantages d\u2019un point de vue esth\u00e9tique et technique.<\/p>\t\t\t\t\t\t<\/div>\n\t\t\t\t<\/div>\n\t\t\t\t\t<\/div>\n\t\t<\/div>\n\t\t\t\t\t\t\t<\/div>\n\t\t<\/section>\n\t\t\t\t<section class=\"elementor-section elementor-top-section elementor-element elementor-element-edcbfaa elementor-section-boxed elementor-section-height-default elementor-section-height-default\" data-id=\"edcbfaa\" data-element_type=\"section\">\n\t\t\t\t\t\t<div class=\"elementor-container elementor-column-gap-default\">\n\t\t\t\t\t<div class=\"elementor-column elementor-col-50 elementor-top-column elementor-element elementor-element-617d506\" data-id=\"617d506\" data-element_type=\"column\">\n\t\t\t<div class=\"elementor-widget-wrap elementor-element-populated\">\n\t\t\t\t\t\t\t\t<div class=\"elementor-element elementor-element-a91ffca elementor-widget elementor-widget-heading\" data-id=\"a91ffca\" data-element_type=\"widget\" data-widget_type=\"heading.default\">\n\t\t\t\t<div class=\"elementor-widget-container\">\n\t\t\t<style>\/*! elementor - v3.18.0 - 20-12-2023 *\/\n.elementor-heading-title{padding:0;margin:0;line-height:1}.elementor-widget-heading .elementor-heading-title[class*=elementor-size-]>a{color:inherit;font-size:inherit;line-height:inherit}.elementor-widget-heading .elementor-heading-title.elementor-size-small{font-size:15px}.elementor-widget-heading .elementor-heading-title.elementor-size-medium{font-size:19px}.elementor-widget-heading .elementor-heading-title.elementor-size-large{font-size:29px}.elementor-widget-heading .elementor-heading-title.elementor-size-xl{font-size:39px}.elementor-widget-heading .elementor-heading-title.elementor-size-xxl{font-size:59px}<\/style><h2 class=\"elementor-heading-title elementor-size-default\">Pourquoi choisir l\u2019extension de maison \u00e0 toit plat ?<\/h2>\t\t<\/div>\n\t\t\t\t<\/div>\n\t\t\t\t<div class=\"elementor-element elementor-element-5f10676 elementor-widget-divider--view-line elementor-widget elementor-widget-divider\" data-id=\"5f10676\" data-element_type=\"widget\" data-widget_type=\"divider.default\">\n\t\t\t\t<div class=\"elementor-widget-container\">\n\t\t\t<style>\/*! elementor - v3.18.0 - 20-12-2023 *\/\n.elementor-widget-divider{--divider-border-style:none;--divider-border-width:1px;--divider-color:#0c0d0e;--divider-icon-size:20px;--divider-element-spacing:10px;--divider-pattern-height:24px;--divider-pattern-size:20px;--divider-pattern-url:none;--divider-pattern-repeat:repeat-x}.elementor-widget-divider .elementor-divider{display:flex}.elementor-widget-divider .elementor-divider__text{font-size:15px;line-height:1;max-width:95%}.elementor-widget-divider .elementor-divider__element{margin:0 var(--divider-element-spacing);flex-shrink:0}.elementor-widget-divider .elementor-icon{font-size:var(--divider-icon-size)}.elementor-widget-divider .elementor-divider-separator{display:flex;margin:0;direction:ltr}.elementor-widget-divider--view-line_icon .elementor-divider-separator,.elementor-widget-divider--view-line_text .elementor-divider-separator{align-items:center}.elementor-widget-divider--view-line_icon .elementor-divider-separator:after,.elementor-widget-divider--view-line_icon .elementor-divider-separator:before,.elementor-widget-divider--view-line_text .elementor-divider-separator:after,.elementor-widget-divider--view-line_text .elementor-divider-separator:before{display:block;content:\"\";border-bottom:0;flex-grow:1;border-top:var(--divider-border-width) var(--divider-border-style) var(--divider-color)}.elementor-widget-divider--element-align-left .elementor-divider .elementor-divider-separator>.elementor-divider__svg:first-of-type{flex-grow:0;flex-shrink:100}.elementor-widget-divider--element-align-left .elementor-divider-separator:before{content:none}.elementor-widget-divider--element-align-left .elementor-divider__element{margin-left:0}.elementor-widget-divider--element-align-right .elementor-divider .elementor-divider-separator>.elementor-divider__svg:last-of-type{flex-grow:0;flex-shrink:100}.elementor-widget-divider--element-align-right .elementor-divider-separator:after{content:none}.elementor-widget-divider--element-align-right .elementor-divider__element{margin-right:0}.elementor-widget-divider:not(.elementor-widget-divider--view-line_text):not(.elementor-widget-divider--view-line_icon) .elementor-divider-separator{border-top:var(--divider-border-width) var(--divider-border-style) var(--divider-color)}.elementor-widget-divider--separator-type-pattern{--divider-border-style:none}.elementor-widget-divider--separator-type-pattern.elementor-widget-divider--view-line .elementor-divider-separator,.elementor-widget-divider--separator-type-pattern:not(.elementor-widget-divider--view-line) .elementor-divider-separator:after,.elementor-widget-divider--separator-type-pattern:not(.elementor-widget-divider--view-line) .elementor-divider-separator:before,.elementor-widget-divider--separator-type-pattern:not([class*=elementor-widget-divider--view]) .elementor-divider-separator{width:100%;min-height:var(--divider-pattern-height);-webkit-mask-size:var(--divider-pattern-size) 100%;mask-size:var(--divider-pattern-size) 100%;-webkit-mask-repeat:var(--divider-pattern-repeat);mask-repeat:var(--divider-pattern-repeat);background-color:var(--divider-color);-webkit-mask-image:var(--divider-pattern-url);mask-image:var(--divider-pattern-url)}.elementor-widget-divider--no-spacing{--divider-pattern-size:auto}.elementor-widget-divider--bg-round{--divider-pattern-repeat:round}.rtl .elementor-widget-divider .elementor-divider__text{direction:rtl}.e-con-inner>.elementor-widget-divider,.e-con>.elementor-widget-divider{width:var(--container-widget-width,100%);--flex-grow:var(--container-widget-flex-grow)}<\/style>\t\t<div class=\"elementor-divider\">\n\t\t\t<span class=\"elementor-divider-separator\">\n\t\t\t\t\t\t<\/span>\n\t\t<\/div>\n\t\t\t\t<\/div>\n\t\t\t\t<\/div>\n\t\t\t\t<div class=\"elementor-element elementor-element-aa15c9a elementor-widget elementor-widget-text-editor\" data-id=\"aa15c9a\" data-element_type=\"widget\" data-widget_type=\"text-editor.default\">\n\t\t\t\t<div class=\"elementor-widget-container\">\n\t\t\t\t\t\t\t<p>Les extensions \u00e0 toit plat ont pour objectif <strong>d\u2019agrandir votre espace de vie<\/strong>. Elles sont souvent <strong>cubiques, fonctionnelles et esth\u00e9tiques<\/strong>. De plus, les extensions de toit plat <strong>s\u2019associent tr\u00e8s bien avec des maisons \u00e0 \u00e9tages<\/strong> et plus particuli\u00e8rement avec <strong>des toits double pente ardoise ou en tuiles.<\/strong> En effet, ces extensions vont cr\u00e9er un contraste avec l\u2019existant sans le cacher. Ce type d\u2019extension <strong>peut \u00e9galement \u00eatre en mono pente<\/strong>, c\u2019est-\u00e0-dire qu\u2019il peut y avoir une <strong>pente de 3%<\/strong> sur l\u2019une des extr\u00e9mit\u00e9s du toit pour que les <strong>eaux de pluies puissent s\u2019\u00e9couler<\/strong> dans les goutti\u00e8res plut\u00f4t qu\u2019elles stagnent sur la membrane.<\/p><p>Parfois, <strong>il est possible d\u2019ajouter une terrasse sur le toit<\/strong> de la maison accessible depuis l\u2019\u00e9tage. Cette solution peut s\u2019offrir \u00e0 vous dans le cas o\u00f9 l\u2019extension vient r\u00e9duire de mani\u00e8re consid\u00e9rable le coin jardin. Les extensions de toit plat avec terrasse sont plut\u00f4t appr\u00e9ci\u00e9es pour les propri\u00e9taires de maisons de ville dont ils ne disposent pas de beaucoup de surface parcellaire.<\/p><p>Si vous ne souhaitez pas ajouter de terrasse,<strong> il est possible d\u2019installer des panneaux solaires<\/strong> pour chauffer votre habitation avec des \u00e9nergies renouvelables. Sinon, vous pouvez \u00e9galement cr\u00e9er une <strong>toiture v\u00e9g\u00e9talis\u00e9e.<\/strong><\/p>\t\t\t\t\t\t<\/div>\n\t\t\t\t<\/div>\n\t\t\t\t<div class=\"elementor-element elementor-element-5d4aa39 elementor-widget elementor-widget-heading\" data-id=\"5d4aa39\" data-element_type=\"widget\" data-widget_type=\"heading.default\">\n\t\t\t\t<div class=\"elementor-widget-container\">\n\t\t\t<h2 class=\"elementor-heading-title elementor-size-default\">Quelles sont les possibilit\u00e9s d\u2019extensions de maison \u00e0 toit plat ?<\/h2>\t\t<\/div>\n\t\t\t\t<\/div>\n\t\t\t\t<div class=\"elementor-element elementor-element-3288c2d elementor-widget-divider--view-line elementor-widget elementor-widget-divider\" data-id=\"3288c2d\" data-element_type=\"widget\" data-widget_type=\"divider.default\">\n\t\t\t\t<div class=\"elementor-widget-container\">\n\t\t\t\t\t<div class=\"elementor-divider\">\n\t\t\t<span class=\"elementor-divider-separator\">\n\t\t\t\t\t\t<\/span>\n\t\t<\/div>\n\t\t\t\t<\/div>\n\t\t\t\t<\/div>\n\t\t\t\t<div class=\"elementor-element elementor-element-4a6ba06 elementor-widget elementor-widget-text-editor\" data-id=\"4a6ba06\" data-element_type=\"widget\" data-widget_type=\"text-editor.default\">\n\t\t\t\t<div class=\"elementor-widget-container\">\n\t\t\t\t\t\t\t<p>Les extensions de maisons peuvent \u00eatre ajout\u00e9es \u00e0 tous les styles de maison. Par exemple, c\u2019est un mod\u00e8le d\u2019agrandissement qui convient parfaitement pour une maison moderne.<\/p><p>Sa forme cubique et sa toiture plate s\u2019accordent aussi bien avec une maison n\u00e9o bretonne qu\u2019avec une maison design. <strong>En ce qui concerne les pi\u00e8ces \u00e0 ajouter, ce type d\u2019extension convient \u00e0 toutes les pi\u00e8ces.<\/strong> Une extension toit plat convient aussi bien \u00e0 <strong>une<\/strong> <strong>cuisine<\/strong> qu\u2019\u00e0 <strong>une chambre ou un bureau<\/strong>. L\u2019avantage est qu\u2019avec cette forme cubique, il n\u2019y a pas de perte d\u2019espace et toute l\u2019extension peut \u00eatre optimis\u00e9e au maximum. Les extensions \u00e0 toiture plate <strong>tr\u00e8s int\u00e9ressantes en mati\u00e8re d\u2019am\u00e9nagement.<\/strong><\/p><p>\u00a0<\/p>\t\t\t\t\t\t<\/div>\n\t\t\t\t<\/div>\n\t\t\t\t\t<\/div>\n\t\t<\/div>\n\t\t\t\t<div class=\"elementor-column elementor-col-50 elementor-top-column elementor-element elementor-element-fd9fc8e\" data-id=\"fd9fc8e\" data-element_type=\"column\">\n\t\t\t<div class=\"elementor-widget-wrap elementor-element-populated\">\n\t\t\t\t\t\t\t\t<div class=\"elementor-element elementor-element-5ad75ba elementor-widget elementor-widget-image\" data-id=\"5ad75ba\" data-element_type=\"widget\" data-widget_type=\"image.default\">\n\t\t\t\t<div class=\"elementor-widget-container\">\n\t\t\t<style>\/*! elementor - v3.18.0 - 20-12-2023 *\/\n.elementor-widget-image{text-align:center}.elementor-widget-image a{display:inline-block}.elementor-widget-image a img[src$=\".svg\"]{width:48px}.elementor-widget-image img{vertical-align:middle;display:inline-block}<\/style>\t\t\t\t\t\t\t\t\t\t\t\t<img fetchpriority=\"high\" decoding=\"async\" width=\"545\" height=\"545\" src=\"https:\/\/www.wood-studio-jardin.fr\/app\/uploads\/sites\/88\/2022\/07\/extension-maison-21.jpg\" class=\"attachment-large size-large wp-image-35154\" alt=\"\" srcset=\"https:\/\/www.wood-studio-jardin.fr\/app\/uploads\/sites\/88\/2022\/07\/extension-maison-21.jpg 545w, https:\/\/www.wood-studio-jardin.fr\/app\/uploads\/sites\/88\/2022\/07\/extension-maison-21-300x300.jpg 300w, https:\/\/www.wood-studio-jardin.fr\/app\/uploads\/sites\/88\/2022\/07\/extension-maison-21-150x150.jpg 150w, https:\/\/www.wood-studio-jardin.fr\/app\/uploads\/sites\/88\/2022\/07\/extension-maison-21-100x100.jpg 100w\" sizes=\"(max-width: 545px) 100vw, 545px\" \/>\t\t\t\t\t\t\t\t\t\t\t\t\t\t\t<\/div>\n\t\t\t\t<\/div>\n\t\t\t\t<div class=\"elementor-element elementor-element-0fec5b6 elementor-widget elementor-widget-image\" data-id=\"0fec5b6\" data-element_type=\"widget\" data-widget_type=\"image.default\">\n\t\t\t\t<div class=\"elementor-widget-container\">\n\t\t\t\t\t\t\t\t\t\t\t\t\t\t\t<img decoding=\"async\" width=\"416\" height=\"416\" src=\"https:\/\/www.wood-studio-jardin.fr\/app\/uploads\/sites\/88\/2022\/09\/Sans-titre11.jpg\" class=\"attachment-large size-large wp-image-35210\" alt=\"\" srcset=\"https:\/\/www.wood-studio-jardin.fr\/app\/uploads\/sites\/88\/2022\/09\/Sans-titre11.jpg 416w, https:\/\/www.wood-studio-jardin.fr\/app\/uploads\/sites\/88\/2022\/09\/Sans-titre11-300x300.jpg 300w, https:\/\/www.wood-studio-jardin.fr\/app\/uploads\/sites\/88\/2022\/09\/Sans-titre11-150x150.jpg 150w, https:\/\/www.wood-studio-jardin.fr\/app\/uploads\/sites\/88\/2022\/09\/Sans-titre11-100x100.jpg 100w\" sizes=\"(max-width: 416px) 100vw, 416px\" \/>\t\t\t\t\t\t\t\t\t\t\t\t\t\t\t<\/div>\n\t\t\t\t<\/div>\n\t\t\t\t\t<\/div>\n\t\t<\/div>\n\t\t\t\t\t\t\t<\/div>\n\t\t<\/section>\n\t\t\t\t<section class=\"elementor-section elementor-top-section elementor-element elementor-element-e4023c3 elementor-section-boxed elementor-section-height-default elementor-section-height-default\" data-id=\"e4023c3\" data-element_type=\"section\">\n\t\t\t\t\t\t<div class=\"elementor-container elementor-column-gap-default\">\n\t\t\t\t\t<div class=\"elementor-column elementor-col-50 elementor-top-column elementor-element elementor-element-9a9234a\" data-id=\"9a9234a\" data-element_type=\"column\">\n\t\t\t<div class=\"elementor-widget-wrap elementor-element-populated\">\n\t\t\t\t\t\t\t\t<div class=\"elementor-element elementor-element-688cd69 elementor-widget elementor-widget-image\" data-id=\"688cd69\" data-element_type=\"widget\" data-widget_type=\"image.default\">\n\t\t\t\t<div class=\"elementor-widget-container\">\n\t\t\t\t\t\t\t\t\t\t\t\t\t\t\t<img decoding=\"async\" width=\"388\" height=\"291\" src=\"https:\/\/www.wood-studio-jardin.fr\/app\/uploads\/sites\/88\/2022\/09\/Sans-titre7.jpg\" class=\"attachment-large size-large wp-image-35211\" alt=\"\" srcset=\"https:\/\/www.wood-studio-jardin.fr\/app\/uploads\/sites\/88\/2022\/09\/Sans-titre7.jpg 388w, https:\/\/www.wood-studio-jardin.fr\/app\/uploads\/sites\/88\/2022\/09\/Sans-titre7-300x225.jpg 300w\" sizes=\"(max-width: 388px) 100vw, 388px\" \/>\t\t\t\t\t\t\t\t\t\t\t\t\t\t\t<\/div>\n\t\t\t\t<\/div>\n\t\t\t\t\t<\/div>\n\t\t<\/div>\n\t\t\t\t<div class=\"elementor-column elementor-col-50 elementor-top-column elementor-element elementor-element-e171178\" data-id=\"e171178\" data-element_type=\"column\">\n\t\t\t<div class=\"elementor-widget-wrap elementor-element-populated\">\n\t\t\t\t\t\t\t\t<div class=\"elementor-element elementor-element-c0d4718 elementor-widget elementor-widget-heading\" data-id=\"c0d4718\" data-element_type=\"widget\" data-widget_type=\"heading.default\">\n\t\t\t\t<div class=\"elementor-widget-container\">\n\t\t\t<h2 class=\"elementor-heading-title elementor-size-default\">Quels mat\u00e9riaux utiliser pour r\u00e9aliser une extension de maison toit plat ?<\/h2>\t\t<\/div>\n\t\t\t\t<\/div>\n\t\t\t\t<div class=\"elementor-element elementor-element-7109d8a elementor-widget-divider--view-line elementor-widget elementor-widget-divider\" data-id=\"7109d8a\" data-element_type=\"widget\" data-widget_type=\"divider.default\">\n\t\t\t\t<div class=\"elementor-widget-container\">\n\t\t\t\t\t<div class=\"elementor-divider\">\n\t\t\t<span class=\"elementor-divider-separator\">\n\t\t\t\t\t\t<\/span>\n\t\t<\/div>\n\t\t\t\t<\/div>\n\t\t\t\t<\/div>\n\t\t\t\t<div class=\"elementor-element elementor-element-b9830a1 elementor-widget elementor-widget-text-editor\" data-id=\"b9830a1\" data-element_type=\"widget\" data-widget_type=\"text-editor.default\">\n\t\t\t\t<div class=\"elementor-widget-container\">\n\t\t\t\t\t\t\t<p><span style=\"color: #000000\">L\u2019ensemble des extensions que WOOD STUDIO r\u00e9alise ont la <strong>m\u00eame structure<\/strong>. Autrement dit, elles sont toutes confectionn\u00e9es avec des<strong> murs \u00e0 ossature bois<\/strong>, un mat\u00e9riau <strong>respectueux de l\u2019environnement et \u00e9cologique.<\/strong> Pour recouvrir l\u2019ossature il est possible de choisir <strong>un bardage bois<\/strong>. Ce rev\u00eatement est un <strong>mat\u00e9riau durable, esth\u00e9tique et r\u00e9sistant.<\/strong> Concernant la toiture, WOOD STUDIO utilise uniquement des <strong>membranes d\u2019\u00e9tanch\u00e9it\u00e9 en PVC.<\/strong> Il s\u2019agit d\u2019un <strong>rev\u00eatement plastique l\u00e9ger et tr\u00e8s r\u00e9sistant aux UV ainsi qu\u2019aux intemp\u00e9ries.<\/strong><\/span><\/p>\t\t\t\t\t\t<\/div>\n\t\t\t\t<\/div>\n\t\t\t\t\t<\/div>\n\t\t<\/div>\n\t\t\t\t\t\t\t<\/div>\n\t\t<\/section>\n\t\t\t\t<section class=\"elementor-section elementor-top-section elementor-element elementor-element-69c68a2 elementor-section-boxed elementor-section-height-default elementor-section-height-default\" data-id=\"69c68a2\" data-element_type=\"section\">\n\t\t\t\t\t\t<div class=\"elementor-container elementor-column-gap-default\">\n\t\t\t\t\t<div class=\"elementor-column elementor-col-100 elementor-top-column elementor-element elementor-element-105ce50\" data-id=\"105ce50\" data-element_type=\"column\">\n\t\t\t<div class=\"elementor-widget-wrap elementor-element-populated\">\n\t\t\t\t\t\t\t\t<div class=\"elementor-element elementor-element-2d0fe28 elementor-widget elementor-widget-heading\" data-id=\"2d0fe28\" data-element_type=\"widget\" data-widget_type=\"heading.default\">\n\t\t\t\t<div class=\"elementor-widget-container\">\n\t\t\t<h2 class=\"elementor-heading-title elementor-size-default\">Quels sont les avantages d\u2019une extension de maison \u00e0 toit plat en bois ?<\/h2>\t\t<\/div>\n\t\t\t\t<\/div>\n\t\t\t\t<div class=\"elementor-element elementor-element-c9680a1 elementor-widget-divider--view-line elementor-widget elementor-widget-divider\" data-id=\"c9680a1\" data-element_type=\"widget\" data-widget_type=\"divider.default\">\n\t\t\t\t<div class=\"elementor-widget-container\">\n\t\t\t\t\t<div class=\"elementor-divider\">\n\t\t\t<span class=\"elementor-divider-separator\">\n\t\t\t\t\t\t<\/span>\n\t\t<\/div>\n\t\t\t\t<\/div>\n\t\t\t\t<\/div>\n\t\t\t\t<div class=\"elementor-element elementor-element-9301b53 elementor-widget elementor-widget-text-editor\" data-id=\"9301b53\" data-element_type=\"widget\" data-widget_type=\"text-editor.default\">\n\t\t\t\t<div class=\"elementor-widget-container\">\n\t\t\t\t\t\t\t<p><span style=\"color: #000000\">Contrairement au b\u00e9ton, <strong>les constructions d\u2019extensions \u00e0 ossature bois sont les moins on\u00e9reuses.<\/strong> Il s\u2019agit d\u2019un mat\u00e9riau <strong>l\u00e9ger et facile \u00e0 moduler qui convient \u00e0 tout type de projet<\/strong> d\u2019agrandissement de maison. WOOD STUDIO r\u00e9alise toutes ses extensions en atelier. Ce processus de fabrication permet de construire <strong>des extensions sur mesure tout en r\u00e9duisant les d\u00e9chets<\/strong> issus de la construction <strong>et de limiter les \u00e9missions de gaz \u00e0 effet de serre.<\/strong><\/span><\/p><p><span style=\"color: #000000\">Ce mode de conception offre une grande libert\u00e9 \u00e0 WOOD STUDIO quant \u00e0 l\u2019architecture et le design de ses agrandissements. Contrairement aux constructions en parpaings, <strong>les fondations des extensions en bois sont beaucoup plus l\u00e9g\u00e8res et n\u00e9cessitent beaucoup moins de mat\u00e9riaux.<\/strong><\/span><\/p><p><span style=\"color: #000000\">Le bois est un <strong>excellent isolant<\/strong>. Et\u00e9 comme hiver, le confort thermique au sein de la maison est assur\u00e9. Le bois est \u00e9galement un mat\u00e9riau qui <strong>respecte l\u2019environnement<\/strong>, en effet, le bois consomme environ 60 fois moins que l\u2019acier et 12 fois moins que le b\u00e9ton. En bref, <strong>le bois dispose de nombreux avantages qui sont beaucoup plus int\u00e9ressants que les autres mat\u00e9riaux.<\/strong><\/span><\/p>\t\t\t\t\t\t<\/div>\n\t\t\t\t<\/div>\n\t\t\t\t\t<\/div>\n\t\t<\/div>\n\t\t\t\t\t\t\t<\/div>\n\t\t<\/section>\n\t\t\t\t<section class=\"elementor-section elementor-top-section elementor-element elementor-element-b13c06d elementor-section-boxed elementor-section-height-default elementor-section-height-default\" data-id=\"b13c06d\" data-element_type=\"section\">\n\t\t\t\t\t\t<div class=\"elementor-container elementor-column-gap-default\">\n\t\t\t\t\t<div class=\"elementor-column elementor-col-50 elementor-top-column elementor-element elementor-element-79d80f3\" data-id=\"79d80f3\" data-element_type=\"column\">\n\t\t\t<div class=\"elementor-widget-wrap elementor-element-populated\">\n\t\t\t\t\t\t\t\t<div class=\"elementor-element elementor-element-ae3828c elementor-widget elementor-widget-heading\" data-id=\"ae3828c\" data-element_type=\"widget\" data-widget_type=\"heading.default\">\n\t\t\t\t<div class=\"elementor-widget-container\">\n\t\t\t<h2 class=\"elementor-heading-title elementor-size-default\">Quels est le prix pour une extension de maison \u00e0 toit plat ?<\/h2>\t\t<\/div>\n\t\t\t\t<\/div>\n\t\t\t\t<div class=\"elementor-element elementor-element-f743724 elementor-widget-divider--view-line elementor-widget elementor-widget-divider\" data-id=\"f743724\" data-element_type=\"widget\" data-widget_type=\"divider.default\">\n\t\t\t\t<div class=\"elementor-widget-container\">\n\t\t\t\t\t<div class=\"elementor-divider\">\n\t\t\t<span class=\"elementor-divider-separator\">\n\t\t\t\t\t\t<\/span>\n\t\t<\/div>\n\t\t\t\t<\/div>\n\t\t\t\t<\/div>\n\t\t\t\t<div class=\"elementor-element elementor-element-7b72e04 elementor-widget elementor-widget-text-editor\" data-id=\"7b72e04\" data-element_type=\"widget\" data-widget_type=\"text-editor.default\">\n\t\t\t\t<div class=\"elementor-widget-container\">\n\t\t\t\t\t\t\t<p>Pour WOOD STUDIO, <strong>le prix des extensions varie en fonction des projets.<\/strong> Comme nous l\u2019indiquons, nos extensions sont <strong>standards et personnalisables \u00e0 l\u2019infini<\/strong>, le prix va donc varier en cons\u00e9quence de votre projet.<\/p><p>Par exemple, <strong>plus la surface est importante plus le prix de l\u2019extension va augmenter.<\/strong> Cependant, le choix des options choisies, <strong>sens du bardage bois, salle d\u2019eau, cuisine ou non, auront une influence sur le budget<\/strong> de votre agrandissement de maison \u00e9galement, tout comme les menuiseries que vous allez choisir.<\/p>\t\t\t\t\t\t<\/div>\n\t\t\t\t<\/div>\n\t\t\t\t\t<\/div>\n\t\t<\/div>\n\t\t\t\t<div class=\"elementor-column elementor-col-50 elementor-top-column elementor-element elementor-element-8d83b2e\" data-id=\"8d83b2e\" data-element_type=\"column\">\n\t\t\t<div class=\"elementor-widget-wrap elementor-element-populated\">\n\t\t\t\t\t\t\t\t<div class=\"elementor-element elementor-element-cb95973 elementor-widget elementor-widget-image\" data-id=\"cb95973\" data-element_type=\"widget\" data-widget_type=\"image.default\">\n\t\t\t\t<div class=\"elementor-widget-container\">\n\t\t\t\t\t\t\t\t\t\t\t\t\t\t\t<img loading=\"lazy\" decoding=\"async\" width=\"387\" height=\"305\" src=\"https:\/\/www.wood-studio-jardin.fr\/app\/uploads\/sites\/88\/2022\/09\/Sans-titre5.jpg\" class=\"attachment-large size-large wp-image-35212\" alt=\"\" srcset=\"https:\/\/www.wood-studio-jardin.fr\/app\/uploads\/sites\/88\/2022\/09\/Sans-titre5.jpg 387w, https:\/\/www.wood-studio-jardin.fr\/app\/uploads\/sites\/88\/2022\/09\/Sans-titre5-300x236.jpg 300w\" sizes=\"(max-width: 387px) 100vw, 387px\" \/>\t\t\t\t\t\t\t\t\t\t\t\t\t\t\t<\/div>\n\t\t\t\t<\/div>\n\t\t\t\t\t<\/div>\n\t\t<\/div>\n\t\t\t\t\t\t\t<\/div>\n\t\t<\/section>\n\t\t\t\t<section class=\"elementor-section elementor-top-section elementor-element elementor-element-e944deb elementor-section-boxed elementor-section-height-default elementor-section-height-default\" data-id=\"e944deb\" data-element_type=\"section\">\n\t\t\t\t\t\t<div class=\"elementor-container elementor-column-gap-default\">\n\t\t\t\t\t<div class=\"elementor-column elementor-col-100 elementor-top-column elementor-element elementor-element-fba882a\" data-id=\"fba882a\" data-element_type=\"column\">\n\t\t\t<div class=\"elementor-widget-wrap elementor-element-populated\">\n\t\t\t\t\t\t\t\t<div class=\"elementor-element elementor-element-f47620f elementor-widget elementor-widget-heading\" data-id=\"f47620f\" data-element_type=\"widget\" data-widget_type=\"heading.default\">\n\t\t\t\t<div class=\"elementor-widget-container\">\n\t\t\t<h2 class=\"elementor-heading-title elementor-size-default\">L\u2019extension toit plat, une plus-value \u00e0 la revente de votre maison<\/h2>\t\t<\/div>\n\t\t\t\t<\/div>\n\t\t\t\t<div class=\"elementor-element elementor-element-2001235 elementor-widget-divider--view-line elementor-widget elementor-widget-divider\" data-id=\"2001235\" data-element_type=\"widget\" data-widget_type=\"divider.default\">\n\t\t\t\t<div class=\"elementor-widget-container\">\n\t\t\t\t\t<div class=\"elementor-divider\">\n\t\t\t<span class=\"elementor-divider-separator\">\n\t\t\t\t\t\t<\/span>\n\t\t<\/div>\n\t\t\t\t<\/div>\n\t\t\t\t<\/div>\n\t\t\t\t<div class=\"elementor-element elementor-element-da19fa1 elementor-widget elementor-widget-text-editor\" data-id=\"da19fa1\" data-element_type=\"widget\" data-widget_type=\"text-editor.default\">\n\t\t\t\t<div class=\"elementor-widget-container\">\n\t\t\t\t\t\t\t<p>En ajoutant une extension de maison, vous allez <strong>gagner en plus-value \u00e0 la revente !<\/strong> En effet, cette pi\u00e8ce suppl\u00e9mentaire permet de <strong>simplifier la vie dans la maison<\/strong> pour les propri\u00e9taires actuels<strong> mais permet aussi au futur acheteur de se projeter plus facilement.<\/strong><\/p><p>L\u2019extension met en valeur l\u2019habitation et <strong>apporte un charme additionnel<\/strong> \u00e0 la maison tout en offrant des <strong>performances thermiques<\/strong> qui sont <strong>rassurantes pour les futurs acqu\u00e9reurs.<\/strong><\/p>\t\t\t\t\t\t<\/div>\n\t\t\t\t<\/div>\n\t\t\t\t\t<\/div>\n\t\t<\/div>\n\t\t\t\t\t\t\t<\/div>\n\t\t<\/section>\n\t\t\t\t<section class=\"elementor-section elementor-top-section elementor-element elementor-element-42b5734 elementor-section-boxed elementor-section-height-default elementor-section-height-default\" data-id=\"42b5734\" data-element_type=\"section\">\n\t\t\t\t\t\t<div class=\"elementor-container elementor-column-gap-default\">\n\t\t\t\t\t<div class=\"elementor-column elementor-col-50 elementor-top-column elementor-element elementor-element-9d3fea1\" data-id=\"9d3fea1\" data-element_type=\"column\">\n\t\t\t<div class=\"elementor-widget-wrap elementor-element-populated\">\n\t\t\t\t\t\t\t\t<div class=\"elementor-element elementor-element-a74be8f elementor-widget elementor-widget-image\" data-id=\"a74be8f\" data-element_type=\"widget\" data-widget_type=\"image.default\">\n\t\t\t\t<div class=\"elementor-widget-container\">\n\t\t\t\t\t\t\t\t\t\t\t\t\t\t\t<img loading=\"lazy\" decoding=\"async\" width=\"454\" height=\"255\" src=\"https:\/\/www.wood-studio-jardin.fr\/app\/uploads\/sites\/88\/2022\/09\/Sans-titre3.jpg\" class=\"attachment-large size-large wp-image-35213\" alt=\"\" srcset=\"https:\/\/www.wood-studio-jardin.fr\/app\/uploads\/sites\/88\/2022\/09\/Sans-titre3.jpg 454w, https:\/\/www.wood-studio-jardin.fr\/app\/uploads\/sites\/88\/2022\/09\/Sans-titre3-300x169.jpg 300w\" sizes=\"(max-width: 454px) 100vw, 454px\" \/>\t\t\t\t\t\t\t\t\t\t\t\t\t\t\t<\/div>\n\t\t\t\t<\/div>\n\t\t\t\t\t<\/div>\n\t\t<\/div>\n\t\t\t\t<div class=\"elementor-column elementor-col-50 elementor-top-column elementor-element elementor-element-ee53cda\" data-id=\"ee53cda\" data-element_type=\"column\">\n\t\t\t<div class=\"elementor-widget-wrap elementor-element-populated\">\n\t\t\t\t\t\t\t\t<div class=\"elementor-element elementor-element-05c2ef0 elementor-widget elementor-widget-heading\" data-id=\"05c2ef0\" data-element_type=\"widget\" data-widget_type=\"heading.default\">\n\t\t\t\t<div class=\"elementor-widget-container\">\n\t\t\t<h2 class=\"elementor-heading-title elementor-size-default\">PROFITEZ d\u2019un accompagnement personnalis\u00e9 avec WOOD STUDIO<\/h2>\t\t<\/div>\n\t\t\t\t<\/div>\n\t\t\t\t<div class=\"elementor-element elementor-element-bf93f4b elementor-widget-divider--view-line elementor-widget elementor-widget-divider\" data-id=\"bf93f4b\" data-element_type=\"widget\" data-widget_type=\"divider.default\">\n\t\t\t\t<div class=\"elementor-widget-container\">\n\t\t\t\t\t<div class=\"elementor-divider\">\n\t\t\t<span class=\"elementor-divider-separator\">\n\t\t\t\t\t\t<\/span>\n\t\t<\/div>\n\t\t\t\t<\/div>\n\t\t\t\t<\/div>\n\t\t\t\t<div class=\"elementor-element elementor-element-7255279 elementor-widget elementor-widget-text-editor\" data-id=\"7255279\" data-element_type=\"widget\" data-widget_type=\"text-editor.default\">\n\t\t\t\t<div class=\"elementor-widget-container\">\n\t\t\t\t\t\t\t<p>En faisant confiance \u00e0 WOOD STUDIO <strong>vous profiterez d\u2019une expertise unique et d\u2019un accompagnement personnalis\u00e9<\/strong> tout au long de votre projet d\u2019agrandissement de maison. <strong>D\u00e8s le premier rendez-vous et jusqu\u2019\u00e0 la livraison de l\u2019extension<\/strong>, nous assurons un suivi de chantier et nous vous aidons dans vos choix de mat\u00e9riaux, de couverture de toit, de peinture murale\u2026 Nos professionnels <strong>accordent beaucoup d\u2019importance \u00e0 la satisfaction client<\/strong> dont l\u2019objectif est de <strong>vous apporter un service de qualit\u00e9.<\/strong><\/p><p>Vous souhaitez prendre contact avec l\u2019un de nos experts afin d\u2019\u00e9changer sur votre projet d\u2019extension et les diff\u00e9rentes d\u00e9marches qu\u2019il est important d\u2019entreprendre ?<\/p>\t\t\t\t\t\t<\/div>\n\t\t\t\t<\/div>\n\t\t\t\t\t<\/div>\n\t\t<\/div>\n\t\t\t\t\t\t\t<\/div>\n\t\t<\/section>\n\t\t\t\t<section class=\"elementor-section elementor-top-section elementor-element elementor-element-3e2f6e4 elementor-section-boxed elementor-section-height-default elementor-section-height-default\" data-id=\"3e2f6e4\" data-element_type=\"section\">\n\t\t\t\t\t\t<div class=\"elementor-container elementor-column-gap-default\">\n\t\t\t\t\t<div class=\"elementor-column elementor-col-100 elementor-top-column elementor-element elementor-element-ba16ef0\" data-id=\"ba16ef0\" data-element_type=\"column\">\n\t\t\t<div class=\"elementor-widget-wrap elementor-element-populated\">\n\t\t\t\t\t\t\t\t<div class=\"elementor-element elementor-element-79f7e1c elementor-widget elementor-widget-heading\" data-id=\"79f7e1c\" data-element_type=\"widget\" data-widget_type=\"heading.default\">\n\t\t\t\t<div class=\"elementor-widget-container\">\n\t\t\t<h2 class=\"elementor-heading-title elementor-size-default\">Wood Studio fabricant d'extension de maison en Bretagne,<br>Brest, Rennes, Vannes, St-Brieuc<\/h2>\t\t<\/div>\n\t\t\t\t<\/div>\n\t\t\t\t\t<\/div>\n\t\t<\/div>\n\t\t\t\t\t\t\t<\/div>\n\t\t<\/section>\n\t\t\t\t<section class=\"elementor-section elementor-top-section elementor-element elementor-element-f35c77b elementor-hidden-desktop elementor-hidden-tablet elementor-hidden-mobile elementor-section-boxed elementor-section-height-default elementor-section-height-default\" data-id=\"f35c77b\" data-element_type=\"section\">\n\t\t\t\t\t\t<div class=\"elementor-container elementor-column-gap-default\">\n\t\t\t\t\t<div class=\"elementor-column elementor-col-100 elementor-top-column elementor-element elementor-element-b906a21\" data-id=\"b906a21\" data-element_type=\"column\">\n\t\t\t<div class=\"elementor-widget-wrap elementor-element-populated\">\n\t\t\t\t\t\t\t\t<div class=\"elementor-element elementor-element-83c2039 elementor-widget elementor-widget-heading\" data-id=\"83c2039\" data-element_type=\"widget\" data-widget_type=\"heading.default\">\n\t\t\t\t<div class=\"elementor-widget-container\">\n\t\t\t<h2 class=\"elementor-heading-title elementor-size-default\">Vous connaissez nos diff\u00e9rentes offres de finition de studio de jardin ou extension de maison ! \nAlors, par quelle solution allez-vous vous laisser tenter ?<\/h2>\t\t<\/div>\n\t\t\t\t<\/div>\n\t\t\t\t<div class=\"elementor-element elementor-element-536a715 elementor-widget-divider--view-line elementor-widget elementor-widget-divider\" data-id=\"536a715\" data-element_type=\"widget\" data-widget_type=\"divider.default\">\n\t\t\t\t<div class=\"elementor-widget-container\">\n\t\t\t\t\t<div class=\"elementor-divider\">\n\t\t\t<span class=\"elementor-divider-separator\">\n\t\t\t\t\t\t<\/span>\n\t\t<\/div>\n\t\t\t\t<\/div>\n\t\t\t\t<\/div>\n\t\t\t\t<div class=\"elementor-element elementor-element-726bae3 elementor-widget elementor-widget-text-editor\" data-id=\"726bae3\" data-element_type=\"widget\" data-widget_type=\"text-editor.default\">\n\t\t\t\t<div class=\"elementor-widget-container\">\n\t\t\t\t\t\t\t<p>Quel que soit votre choix, nous serons l\u00e0 pour vous accompagner ! <br \/>D\u00e9couvrez toutes nos conceptions<\/p>\t\t\t\t\t\t<\/div>\n\t\t\t\t<\/div>\n\t\t\t\t<div class=\"elementor-element elementor-element-db5faf7 produits-hp elementor-posts--align-center elementor-grid-3 elementor-grid-tablet-2 elementor-grid-mobile-1 elementor-posts--thumbnail-top elementor-card-shadow-yes elementor-posts__hover-gradient elementor-widget elementor-widget-posts\" data-id=\"db5faf7\" data-element_type=\"widget\" data-settings=\"{&quot;cards_columns&quot;:&quot;3&quot;,&quot;cards_columns_tablet&quot;:&quot;2&quot;,&quot;cards_columns_mobile&quot;:&quot;1&quot;,&quot;cards_row_gap&quot;:{&quot;unit&quot;:&quot;px&quot;,&quot;size&quot;:35,&quot;sizes&quot;:[]},&quot;cards_row_gap_tablet&quot;:{&quot;unit&quot;:&quot;px&quot;,&quot;size&quot;:&quot;&quot;,&quot;sizes&quot;:[]},&quot;cards_row_gap_mobile&quot;:{&quot;unit&quot;:&quot;px&quot;,&quot;size&quot;:&quot;&quot;,&quot;sizes&quot;:[]}}\" data-widget_type=\"posts.cards\">\n\t\t\t\t<div class=\"elementor-widget-container\">\n\t\t\t<link rel=\"stylesheet\" href=\"https:\/\/www.wood-studio-jardin.fr\/app\/plugins\/elementor-pro\/assets\/css\/widget-posts.min.css\">\t\t<div class=\"elementor-posts-container elementor-posts elementor-posts--skin-cards elementor-grid\">\n\t\t\t\t<article class=\"elementor-post elementor-grid-item post-34153 product type-product status-publish has-post-thumbnail hentry product_cat-20m2 product_cat-studio-premium-equipe product_cat-surface product_cat-type product_tag-2705e-m entry content-bg loop-entry\">\n\t\t\t<div class=\"elementor-post__card\">\n\t\t\t\t<a class=\"elementor-post__thumbnail__link\" href=\"https:\/\/www.wood-studio-jardin.fr\/modeles-studio-jardin-extension-maison\/surface\/studio-20m2-modele-premium\/\" ><div class=\"elementor-post__thumbnail\"><img loading=\"lazy\" decoding=\"async\" width=\"300\" height=\"169\" src=\"https:\/\/www.wood-studio-jardin.fr\/app\/uploads\/sites\/88\/2022\/04\/VISUEL-1-STUDIO-19.8M\u00b2-MODELE-PREMIUM-BD-300x169.png\" class=\"attachment-medium size-medium wp-image-36025\" alt=\"\" srcset=\"https:\/\/www.wood-studio-jardin.fr\/app\/uploads\/sites\/88\/2022\/04\/VISUEL-1-STUDIO-19.8M\u00b2-MODELE-PREMIUM-BD-300x169.png 300w, https:\/\/www.wood-studio-jardin.fr\/app\/uploads\/sites\/88\/2022\/04\/VISUEL-1-STUDIO-19.8M\u00b2-MODELE-PREMIUM-BD-600x338.png 600w, https:\/\/www.wood-studio-jardin.fr\/app\/uploads\/sites\/88\/2022\/04\/VISUEL-1-STUDIO-19.8M\u00b2-MODELE-PREMIUM-BD.png 709w\" sizes=\"(max-width: 300px) 100vw, 300px\" \/><\/div><\/a>\n\t\t\t\t<div class=\"elementor-post__badge\">2705\u20ac\/m\u00b2<\/div>\n\t\t\t\t<div class=\"elementor-post__text\">\n\t\t\t\t<h3 class=\"elementor-post__title\">\n\t\t\t<a href=\"https:\/\/www.wood-studio-jardin.fr\/modeles-studio-jardin-extension-maison\/surface\/studio-20m2-modele-premium\/\" >\n\t\t\t\tStudio 20m\u00b2 &#8211; Mod\u00e8le Premium\t\t\t<\/a>\n\t\t<\/h3>\n\t\t\t\t<div class=\"elementor-post__excerpt\">\n\t\t\t<p>Dimensions : 6.7 x 3 m<br \/>\n<strong>Mod\u00e8le \u00ab\u00a0Cl\u00e9 en main\u00a0\u00bb tout \u00e9quip\u00e9 <\/strong>optimis\u00e9 et am\u00e9nag\u00e9 pour la location, le travail, les loisirs ou pour y vivre \u00e0 l\u2019ann\u00e9e.<\/p>\n\t\t<\/div>\n\t\t\n\t\t<a class=\"elementor-post__read-more\" href=\"https:\/\/www.wood-studio-jardin.fr\/modeles-studio-jardin-extension-maison\/surface\/studio-20m2-modele-premium\/\" >\n\t\t\tEn savoir plus \u00bb\t\t<\/a>\n\n\t\t\t\t<\/div>\n\t\t\t\t\t<\/div>\n\t\t<\/article>\n\t\t\t\t<article class=\"elementor-post elementor-grid-item post-34387 product type-product status-publish has-post-thumbnail hentry product_cat-24m2 product_cat-studio-premium-equipe product_cat-surface product_cat-type product_tag-2500e-m entry content-bg loop-entry\">\n\t\t\t<div class=\"elementor-post__card\">\n\t\t\t\t<a class=\"elementor-post__thumbnail__link\" href=\"https:\/\/www.wood-studio-jardin.fr\/modeles-studio-jardin-extension-maison\/surface\/studio-24m2-modele-premium\/\" ><div class=\"elementor-post__thumbnail\"><img loading=\"lazy\" decoding=\"async\" width=\"300\" height=\"169\" src=\"https:\/\/www.wood-studio-jardin.fr\/app\/uploads\/sites\/88\/2022\/04\/VISUEL-1-STUDIO-23.4M\u00b2-MODELE-PREMIUM-BD-300x169.png\" class=\"attachment-medium size-medium wp-image-36029\" alt=\"\" srcset=\"https:\/\/www.wood-studio-jardin.fr\/app\/uploads\/sites\/88\/2022\/04\/VISUEL-1-STUDIO-23.4M\u00b2-MODELE-PREMIUM-BD-300x169.png 300w, https:\/\/www.wood-studio-jardin.fr\/app\/uploads\/sites\/88\/2022\/04\/VISUEL-1-STUDIO-23.4M\u00b2-MODELE-PREMIUM-BD-600x338.png 600w, https:\/\/www.wood-studio-jardin.fr\/app\/uploads\/sites\/88\/2022\/04\/VISUEL-1-STUDIO-23.4M\u00b2-MODELE-PREMIUM-BD.png 709w\" sizes=\"(max-width: 300px) 100vw, 300px\" \/><\/div><\/a>\n\t\t\t\t<div class=\"elementor-post__badge\">2500\u20ac\/m\u00b2<\/div>\n\t\t\t\t<div class=\"elementor-post__text\">\n\t\t\t\t<h3 class=\"elementor-post__title\">\n\t\t\t<a href=\"https:\/\/www.wood-studio-jardin.fr\/modeles-studio-jardin-extension-maison\/surface\/studio-24m2-modele-premium\/\" >\n\t\t\t\tStudio 24m\u00b2 &#8211; Mod\u00e8le Premium\t\t\t<\/a>\n\t\t<\/h3>\n\t\t\t\t<div class=\"elementor-post__excerpt\">\n\t\t\t<p>Dimensions : 7.9 x 3 m<br \/>\n<strong>Mod\u00e8le \u00ab\u00a0Cl\u00e9 en main\u00a0\u00bb tout \u00e9quip\u00e9 <\/strong>optimis\u00e9 et am\u00e9nag\u00e9 pour la location, le travail, les loisirs ou pour y vivre \u00e0 l\u2019ann\u00e9e.<\/p>\n\t\t<\/div>\n\t\t\n\t\t<a class=\"elementor-post__read-more\" href=\"https:\/\/www.wood-studio-jardin.fr\/modeles-studio-jardin-extension-maison\/surface\/studio-24m2-modele-premium\/\" >\n\t\t\tEn savoir plus \u00bb\t\t<\/a>\n\n\t\t\t\t<\/div>\n\t\t\t\t\t<\/div>\n\t\t<\/article>\n\t\t\t\t<article class=\"elementor-post elementor-grid-item post-34399 product type-product status-publish has-post-thumbnail hentry product_cat-27m2 product_cat-studio-premium-equipe product_cat-surface product_cat-type product_tag-2355e-m entry content-bg loop-entry\">\n\t\t\t<div class=\"elementor-post__card\">\n\t\t\t\t<a class=\"elementor-post__thumbnail__link\" href=\"https:\/\/www.wood-studio-jardin.fr\/modeles-studio-jardin-extension-maison\/surface\/studio-27m2-modele-premium\/\" ><div class=\"elementor-post__thumbnail\"><img loading=\"lazy\" decoding=\"async\" width=\"300\" height=\"169\" src=\"https:\/\/www.wood-studio-jardin.fr\/app\/uploads\/sites\/88\/2022\/04\/VISUEL-1-STUDIO-27M\u00b2-MODELE-PREMIUM-Nouevlle-300x169.jpg\" class=\"attachment-medium size-medium wp-image-37707\" alt=\"\" srcset=\"https:\/\/www.wood-studio-jardin.fr\/app\/uploads\/sites\/88\/2022\/04\/VISUEL-1-STUDIO-27M\u00b2-MODELE-PREMIUM-Nouevlle-300x169.jpg 300w, https:\/\/www.wood-studio-jardin.fr\/app\/uploads\/sites\/88\/2022\/04\/VISUEL-1-STUDIO-27M\u00b2-MODELE-PREMIUM-Nouevlle-1024x576.jpg 1024w, https:\/\/www.wood-studio-jardin.fr\/app\/uploads\/sites\/88\/2022\/04\/VISUEL-1-STUDIO-27M\u00b2-MODELE-PREMIUM-Nouevlle-768x432.jpg 768w, https:\/\/www.wood-studio-jardin.fr\/app\/uploads\/sites\/88\/2022\/04\/VISUEL-1-STUDIO-27M\u00b2-MODELE-PREMIUM-Nouevlle-1536x864.jpg 1536w, https:\/\/www.wood-studio-jardin.fr\/app\/uploads\/sites\/88\/2022\/04\/VISUEL-1-STUDIO-27M\u00b2-MODELE-PREMIUM-Nouevlle-600x338.jpg 600w, https:\/\/www.wood-studio-jardin.fr\/app\/uploads\/sites\/88\/2022\/04\/VISUEL-1-STUDIO-27M\u00b2-MODELE-PREMIUM-Nouevlle.jpg 1600w\" sizes=\"(max-width: 300px) 100vw, 300px\" \/><\/div><\/a>\n\t\t\t\t<div class=\"elementor-post__badge\">2355\u20ac\/m\u00b2<\/div>\n\t\t\t\t<div class=\"elementor-post__text\">\n\t\t\t\t<h3 class=\"elementor-post__title\">\n\t\t\t<a href=\"https:\/\/www.wood-studio-jardin.fr\/modeles-studio-jardin-extension-maison\/surface\/studio-27m2-modele-premium\/\" >\n\t\t\t\tStudio 27m\u00b2 &#8211; Mod\u00e8le Premium\t\t\t<\/a>\n\t\t<\/h3>\n\t\t\t\t<div class=\"elementor-post__excerpt\">\n\t\t\t<p>Dimensions : 9.1 x 3 m<br \/>\n<strong>Mod\u00e8le \u00ab\u00a0Cl\u00e9 en main\u00a0\u00bb tout \u00e9quip\u00e9 <\/strong>optimis\u00e9 et am\u00e9nag\u00e9 pour la location, le travail, les loisirs ou pour y vivre \u00e0 l\u2019ann\u00e9e.<\/p>\n\t\t<\/div>\n\t\t\n\t\t<a class=\"elementor-post__read-more\" href=\"https:\/\/www.wood-studio-jardin.fr\/modeles-studio-jardin-extension-maison\/surface\/studio-27m2-modele-premium\/\" >\n\t\t\tEn savoir plus \u00bb\t\t<\/a>\n\n\t\t\t\t<\/div>\n\t\t\t\t\t<\/div>\n\t\t<\/article>\n\t\t\t\t<article class=\"elementor-post elementor-grid-item post-34402 product type-product status-publish has-post-thumbnail hentry product_cat-20m2 product_cat-studio-access-non-equipe product_cat-surface product_cat-type product_tag-2050e-m entry content-bg loop-entry\">\n\t\t\t<div class=\"elementor-post__card\">\n\t\t\t\t<a class=\"elementor-post__thumbnail__link\" href=\"https:\/\/www.wood-studio-jardin.fr\/modeles-studio-jardin-extension-maison\/surface\/studio-20m2-modele-access\/\" ><div class=\"elementor-post__thumbnail\"><img loading=\"lazy\" decoding=\"async\" width=\"300\" height=\"168\" src=\"https:\/\/www.wood-studio-jardin.fr\/app\/uploads\/sites\/88\/2022\/04\/VISUEL-1-STUDIO-19.8M\u00b2-MODELE-ACCESS-BD-300x168.png\" class=\"attachment-medium size-medium wp-image-36023\" alt=\"\" srcset=\"https:\/\/www.wood-studio-jardin.fr\/app\/uploads\/sites\/88\/2022\/04\/VISUEL-1-STUDIO-19.8M\u00b2-MODELE-ACCESS-BD-300x168.png 300w, https:\/\/www.wood-studio-jardin.fr\/app\/uploads\/sites\/88\/2022\/04\/VISUEL-1-STUDIO-19.8M\u00b2-MODELE-ACCESS-BD-600x337.png 600w, https:\/\/www.wood-studio-jardin.fr\/app\/uploads\/sites\/88\/2022\/04\/VISUEL-1-STUDIO-19.8M\u00b2-MODELE-ACCESS-BD.png 709w\" sizes=\"(max-width: 300px) 100vw, 300px\" \/><\/div><\/a>\n\t\t\t\t<div class=\"elementor-post__badge\">2050\u20ac\/m\u00b2<\/div>\n\t\t\t\t<div class=\"elementor-post__text\">\n\t\t\t\t<h3 class=\"elementor-post__title\">\n\t\t\t<a href=\"https:\/\/www.wood-studio-jardin.fr\/modeles-studio-jardin-extension-maison\/surface\/studio-20m2-modele-access\/\" >\n\t\t\t\tStudio 20m\u00b2 &#8211; Mod\u00e8le Access\t\t\t<\/a>\n\t\t<\/h3>\n\t\t\t\t<div class=\"elementor-post__excerpt\">\n\t\t\t<p>Dimensions : 6.7 x 3 m<br \/>\nMod\u00e8le nu sans \u00e9quipement, <strong>\u00e0 personnaliser selon vos envies<\/strong> &#8211; Cr\u00e9er votre espace \u00e0 vivre sur-mesure !<\/p>\n\t\t<\/div>\n\t\t\n\t\t<a class=\"elementor-post__read-more\" href=\"https:\/\/www.wood-studio-jardin.fr\/modeles-studio-jardin-extension-maison\/surface\/studio-20m2-modele-access\/\" >\n\t\t\tEn savoir plus \u00bb\t\t<\/a>\n\n\t\t\t\t<\/div>\n\t\t\t\t\t<\/div>\n\t\t<\/article>\n\t\t\t\t<article class=\"elementor-post elementor-grid-item post-34406 product type-product status-publish has-post-thumbnail hentry product_cat-24m2 product_cat-studio-access-non-equipe product_cat-surface product_cat-type product_tag-1990e-m entry content-bg loop-entry\">\n\t\t\t<div class=\"elementor-post__card\">\n\t\t\t\t<a class=\"elementor-post__thumbnail__link\" href=\"https:\/\/www.wood-studio-jardin.fr\/modeles-studio-jardin-extension-maison\/surface\/studio-24m2-modele-access\/\" ><div class=\"elementor-post__thumbnail\"><img loading=\"lazy\" decoding=\"async\" width=\"300\" height=\"169\" src=\"https:\/\/www.wood-studio-jardin.fr\/app\/uploads\/sites\/88\/2022\/04\/VISUEL-1-STUDIO-23.4M\u00b2-MODELE-ACCESS-BD-300x169.png\" class=\"attachment-medium size-medium wp-image-36027\" alt=\"\" srcset=\"https:\/\/www.wood-studio-jardin.fr\/app\/uploads\/sites\/88\/2022\/04\/VISUEL-1-STUDIO-23.4M\u00b2-MODELE-ACCESS-BD-300x169.png 300w, https:\/\/www.wood-studio-jardin.fr\/app\/uploads\/sites\/88\/2022\/04\/VISUEL-1-STUDIO-23.4M\u00b2-MODELE-ACCESS-BD-600x338.png 600w, https:\/\/www.wood-studio-jardin.fr\/app\/uploads\/sites\/88\/2022\/04\/VISUEL-1-STUDIO-23.4M\u00b2-MODELE-ACCESS-BD.png 709w\" sizes=\"(max-width: 300px) 100vw, 300px\" \/><\/div><\/a>\n\t\t\t\t<div class=\"elementor-post__badge\">1990\u20ac\/m\u00b2<\/div>\n\t\t\t\t<div class=\"elementor-post__text\">\n\t\t\t\t<h3 class=\"elementor-post__title\">\n\t\t\t<a href=\"https:\/\/www.wood-studio-jardin.fr\/modeles-studio-jardin-extension-maison\/surface\/studio-24m2-modele-access\/\" >\n\t\t\t\tStudio 24m\u00b2 &#8211; Mod\u00e8le Access\t\t\t<\/a>\n\t\t<\/h3>\n\t\t\t\t<div class=\"elementor-post__excerpt\">\n\t\t\t<p>Dimensions : 7.9 x 3 m<br \/>\nMod\u00e8le nu sans \u00e9quipement, <strong>\u00e0 personnaliser selon vos envies<\/strong> &#8211; Cr\u00e9er votre espace \u00e0 vivre sur-mesure !<\/p>\n\t\t<\/div>\n\t\t\n\t\t<a class=\"elementor-post__read-more\" href=\"https:\/\/www.wood-studio-jardin.fr\/modeles-studio-jardin-extension-maison\/surface\/studio-24m2-modele-access\/\" >\n\t\t\tEn savoir plus \u00bb\t\t<\/a>\n\n\t\t\t\t<\/div>\n\t\t\t\t\t<\/div>\n\t\t<\/article>\n\t\t\t\t<article class=\"elementor-post elementor-grid-item post-34409 product type-product status-publish has-post-thumbnail hentry product_cat-27m2 product_cat-studio-access-non-equipe product_cat-surface product_cat-type product_tag-1850e-m entry content-bg loop-entry\">\n\t\t\t<div class=\"elementor-post__card\">\n\t\t\t\t<a class=\"elementor-post__thumbnail__link\" href=\"https:\/\/www.wood-studio-jardin.fr\/modeles-studio-jardin-extension-maison\/surface\/studio-27m2-modele-access\/\" ><div class=\"elementor-post__thumbnail\"><img loading=\"lazy\" decoding=\"async\" width=\"300\" height=\"169\" src=\"https:\/\/www.wood-studio-jardin.fr\/app\/uploads\/sites\/88\/2022\/04\/VISUEL-1-STUDIO-27M\u00b2-MODELE-ACCESS-BD-300x169.png\" class=\"attachment-medium size-medium wp-image-36031\" alt=\"\" srcset=\"https:\/\/www.wood-studio-jardin.fr\/app\/uploads\/sites\/88\/2022\/04\/VISUEL-1-STUDIO-27M\u00b2-MODELE-ACCESS-BD-300x169.png 300w, https:\/\/www.wood-studio-jardin.fr\/app\/uploads\/sites\/88\/2022\/04\/VISUEL-1-STUDIO-27M\u00b2-MODELE-ACCESS-BD-600x338.png 600w, https:\/\/www.wood-studio-jardin.fr\/app\/uploads\/sites\/88\/2022\/04\/VISUEL-1-STUDIO-27M\u00b2-MODELE-ACCESS-BD.png 709w\" sizes=\"(max-width: 300px) 100vw, 300px\" \/><\/div><\/a>\n\t\t\t\t<div class=\"elementor-post__badge\">1850\u20ac\/m\u00b2<\/div>\n\t\t\t\t<div class=\"elementor-post__text\">\n\t\t\t\t<h3 class=\"elementor-post__title\">\n\t\t\t<a href=\"https:\/\/www.wood-studio-jardin.fr\/modeles-studio-jardin-extension-maison\/surface\/studio-27m2-modele-access\/\" >\n\t\t\t\tStudio 27m\u00b2 &#8211; Mod\u00e8le Access\t\t\t<\/a>\n\t\t<\/h3>\n\t\t\t\t<div class=\"elementor-post__excerpt\">\n\t\t\t<p>Dimensions : 9.1 x 3 m<br \/>\nMod\u00e8le nu sans \u00e9quipement, <strong>\u00e0 personnaliser selon vos envies<\/strong> &#8211; Cr\u00e9er votre espace \u00e0 vivre sur-mesure !<\/p>\n\t\t<\/div>\n\t\t\n\t\t<a class=\"elementor-post__read-more\" href=\"https:\/\/www.wood-studio-jardin.fr\/modeles-studio-jardin-extension-maison\/surface\/studio-27m2-modele-access\/\" >\n\t\t\tEn savoir plus \u00bb\t\t<\/a>\n\n\t\t\t\t<\/div>\n\t\t\t\t\t<\/div>\n\t\t<\/article>\n\t\t\t\t<\/div>\n\n\n\t\t\n\t\t\t\t<\/div>\n\t\t\t\t<\/div>\n\t\t\t\t\t<\/div>\n\t\t<\/div>\n\t\t\t\t\t\t\t<\/div>\n\t\t<\/section>\n\t\t\t\t\t\t\t<\/div>\n\t\t","protected":false},"excerpt":{"rendered":"<p>La majorit\u00e9 de nos extensions de maison sont construites avec un toit plat.D\u00e9couvrez quels en sont les avantages d\u2019un point de vue esth\u00e9tique et technique. Pourquoi choisir l\u2019extension de maison \u00e0 toit plat ? Les extensions \u00e0 toit plat ont pour objectif d\u2019agrandir votre espace de vie. Elles sont souvent cubiques, fonctionnelles et esth\u00e9tiques. De&#8230;<\/p>\n","protected":false},"author":1350,"featured_media":35231,"comment_status":"open","ping_status":"open","sticky":false,"template":"","format":"standard","meta":{"_kad_post_transparent":"default","_kad_post_title":"default","_kad_post_layout":"default","_kad_post_sidebar_id":"","_kad_post_content_style":"default","_kad_post_vertical_padding":"default","_kad_post_feature":"","_kad_post_feature_position":"","_kad_post_header":false,"_kad_post_footer":false,"footnotes":""},"categories":[614,581],"tags":[],"yoast_head":"<!-- This site is optimized with the Yoast SEO plugin v19.2 - https:\/\/yoast.com\/wordpress\/plugins\/seo\/ -->\n<title>Extension de maison toit plat - Bretagne - Wood Studio Jardin<\/title>\n<meta name=\"robots\" content=\"index, follow, max-snippet:-1, max-image-preview:large, max-video-preview:-1\" \/>\n<link rel=\"canonical\" href=\"https:\/\/www.wood-studio-jardin.fr\/studio-amenage\/extension-maison-toit-plat-bretagne\/\" \/>\n<meta property=\"og:locale\" content=\"fr_FR\" \/>\n<meta property=\"og:type\" content=\"article\" \/>\n<meta property=\"og:url\" content=\"https:\/\/www.wood-studio-jardin.fr\/studio-amenage\/extension-maison-toit-plat-bretagne\/\" \/>\n<meta property=\"og:site_name\" content=\"Wood Studio Jardin\" \/>\n<meta property=\"article:published_time\" content=\"2022-09-13T08:22:23+00:00\" \/>\n<meta property=\"article:modified_time\" content=\"2022-09-14T11:45:10+00:00\" \/>\n<meta property=\"og:image\" content=\"https:\/\/www.wood-studio-jardin.fr\/app\/uploads\/sites\/88\/2022\/09\/Sans-titre4.jpg\" \/>\n\t<meta property=\"og:image:width\" content=\"1100\" \/>\n\t<meta property=\"og:image:height\" content=\"849\" \/>\n\t<meta property=\"og:image:type\" content=\"image\/jpeg\" \/>\n<meta name=\"author\" content=\"pauline@activ-communication.com\" \/>\n<meta name=\"twitter:card\" content=\"summary_large_image\" \/>\n<meta name=\"twitter:label1\" content=\"Written by\" \/>\n\t<meta name=\"twitter:data1\" content=\"pauline@activ-communication.com\" \/>\n\t<meta name=\"twitter:label2\" content=\"Est. reading time\" \/>\n\t<meta name=\"twitter:data2\" content=\"9 minutes\" \/>\n<script type=\"application\/ld+json\" class=\"yoast-schema-graph\">{\"@context\":\"https:\/\/schema.org\",\"@graph\":[{\"@type\":\"WebSite\",\"@id\":\"https:\/\/www.wood-studio-jardin.fr\/#website\",\"url\":\"https:\/\/www.wood-studio-jardin.fr\/\",\"name\":\"Wood Studio Jardin\",\"description\":\"Studio de jardin, extension de maison sur Brest, Rennes, Vannes, St-Brieuc, Quimper, Lorient, Dinard, Dinan...\",\"potentialAction\":[{\"@type\":\"SearchAction\",\"target\":{\"@type\":\"EntryPoint\",\"urlTemplate\":\"https:\/\/www.wood-studio-jardin.fr\/?s={search_term_string}\"},\"query-input\":\"required name=search_term_string\"}],\"inLanguage\":\"fr-FR\"},{\"@type\":\"ImageObject\",\"inLanguage\":\"fr-FR\",\"@id\":\"https:\/\/www.wood-studio-jardin.fr\/studio-amenage\/extension-maison-toit-plat-bretagne\/#primaryimage\",\"url\":\"https:\/\/www.wood-studio-jardin.fr\/app\/uploads\/sites\/88\/2022\/09\/Sans-titre4.jpg\",\"contentUrl\":\"https:\/\/www.wood-studio-jardin.fr\/app\/uploads\/sites\/88\/2022\/09\/Sans-titre4.jpg\",\"width\":1100,\"height\":849},{\"@type\":\"WebPage\",\"@id\":\"https:\/\/www.wood-studio-jardin.fr\/studio-amenage\/extension-maison-toit-plat-bretagne\/#webpage\",\"url\":\"https:\/\/www.wood-studio-jardin.fr\/studio-amenage\/extension-maison-toit-plat-bretagne\/\",\"name\":\"Extension de maison toit plat - Bretagne - Wood Studio Jardin\",\"isPartOf\":{\"@id\":\"https:\/\/www.wood-studio-jardin.fr\/#website\"},\"primaryImageOfPage\":{\"@id\":\"https:\/\/www.wood-studio-jardin.fr\/studio-amenage\/extension-maison-toit-plat-bretagne\/#primaryimage\"},\"datePublished\":\"2022-09-13T08:22:23+00:00\",\"dateModified\":\"2022-09-14T11:45:10+00:00\",\"author\":{\"@id\":\"https:\/\/www.wood-studio-jardin.fr\/#\/schema\/person\/ed515d6da7c9ad0c0aab56fe3732537d\"},\"breadcrumb\":{\"@id\":\"https:\/\/www.wood-studio-jardin.fr\/studio-amenage\/extension-maison-toit-plat-bretagne\/#breadcrumb\"},\"inLanguage\":\"fr-FR\",\"potentialAction\":[{\"@type\":\"ReadAction\",\"target\":[\"https:\/\/www.wood-studio-jardin.fr\/studio-amenage\/extension-maison-toit-plat-bretagne\/\"]}]},{\"@type\":\"BreadcrumbList\",\"@id\":\"https:\/\/www.wood-studio-jardin.fr\/studio-amenage\/extension-maison-toit-plat-bretagne\/#breadcrumb\",\"itemListElement\":[{\"@type\":\"ListItem\",\"position\":1,\"name\":\"Accueil\",\"item\":\"https:\/\/www.wood-studio-jardin.fr\/\"},{\"@type\":\"ListItem\",\"position\":2,\"name\":\"Extension de maison toit plat &#8211; Bretagne\"}]},{\"@type\":\"Person\",\"@id\":\"https:\/\/www.wood-studio-jardin.fr\/#\/schema\/person\/ed515d6da7c9ad0c0aab56fe3732537d\",\"name\":\"pauline@activ-communication.com\",\"image\":{\"@type\":\"ImageObject\",\"inLanguage\":\"fr-FR\",\"@id\":\"https:\/\/www.wood-studio-jardin.fr\/#\/schema\/person\/image\/\",\"url\":\"https:\/\/secure.gravatar.com\/avatar\/dbb4a53579c742ed4f74eb70a380fea0?s=96&d=mm&r=g\",\"contentUrl\":\"https:\/\/secure.gravatar.com\/avatar\/dbb4a53579c742ed4f74eb70a380fea0?s=96&d=mm&r=g\",\"caption\":\"pauline@activ-communication.com\"},\"sameAs\":[\"http:\/\/ben@webdesign29.net\"],\"url\":\"https:\/\/www.wood-studio-jardin.fr\/author\/paulineactiv-communication-com\/\"}]}<\/script>\n<meta property=\"og:availability\" content=\"instock\" \/>\n<meta property=\"product:availability\" content=\"instock\" \/>\n<meta property=\"product:retailer_item_id\" content=\"wood-001-1-2-1-1\" \/>\n<meta property=\"product:condition\" content=\"new\" \/>\n<!-- \/ Yoast SEO plugin. -->","yoast_head_json":{"title":"Extension de maison toit plat - Bretagne - Wood Studio Jardin","robots":{"index":"index","follow":"follow","max-snippet":"max-snippet:-1","max-image-preview":"max-image-preview:large","max-video-preview":"max-video-preview:-1"},"canonical":"https:\/\/www.wood-studio-jardin.fr\/studio-amenage\/extension-maison-toit-plat-bretagne\/","og_locale":"fr_FR","og_type":"article","og_url":"https:\/\/www.wood-studio-jardin.fr\/studio-amenage\/extension-maison-toit-plat-bretagne\/","og_site_name":"Wood Studio Jardin","article_published_time":"2022-09-13T08:22:23+00:00","article_modified_time":"2022-09-14T11:45:10+00:00","og_image":[{"width":1100,"height":849,"url":"https:\/\/www.wood-studio-jardin.fr\/app\/uploads\/sites\/88\/2022\/09\/Sans-titre4.jpg","type":"image\/jpeg"}],"author":"pauline@activ-communication.com","twitter_card":"summary_large_image","twitter_misc":{"Written by":"pauline@activ-communication.com","Est. reading time":"9 minutes"},"schema":{"@context":"https:\/\/schema.org","@graph":[{"@type":"WebSite","@id":"https:\/\/www.wood-studio-jardin.fr\/#website","url":"https:\/\/www.wood-studio-jardin.fr\/","name":"Wood Studio Jardin","description":"Studio de jardin, extension de maison sur Brest, Rennes, Vannes, St-Brieuc, Quimper, Lorient, Dinard, Dinan...","potentialAction":[{"@type":"SearchAction","target":{"@type":"EntryPoint","urlTemplate":"https:\/\/www.wood-studio-jardin.fr\/?s={search_term_string}"},"query-input":"required name=search_term_string"}],"inLanguage":"fr-FR"},{"@type":"ImageObject","inLanguage":"fr-FR","@id":"https:\/\/www.wood-studio-jardin.fr\/studio-amenage\/extension-maison-toit-plat-bretagne\/#primaryimage","url":"https:\/\/www.wood-studio-jardin.fr\/app\/uploads\/sites\/88\/2022\/09\/Sans-titre4.jpg","contentUrl":"https:\/\/www.wood-studio-jardin.fr\/app\/uploads\/sites\/88\/2022\/09\/Sans-titre4.jpg","width":1100,"height":849},{"@type":"WebPage","@id":"https:\/\/www.wood-studio-jardin.fr\/studio-amenage\/extension-maison-toit-plat-bretagne\/#webpage","url":"https:\/\/www.wood-studio-jardin.fr\/studio-amenage\/extension-maison-toit-plat-bretagne\/","name":"Extension de maison toit plat - Bretagne - Wood Studio Jardin","isPartOf":{"@id":"https:\/\/www.wood-studio-jardin.fr\/#website"},"primaryImageOfPage":{"@id":"https:\/\/www.wood-studio-jardin.fr\/studio-amenage\/extension-maison-toit-plat-bretagne\/#primaryimage"},"datePublished":"2022-09-13T08:22:23+00:00","dateModified":"2022-09-14T11:45:10+00:00","author":{"@id":"https:\/\/www.wood-studio-jardin.fr\/#\/schema\/person\/ed515d6da7c9ad0c0aab56fe3732537d"},"breadcrumb":{"@id":"https:\/\/www.wood-studio-jardin.fr\/studio-amenage\/extension-maison-toit-plat-bretagne\/#breadcrumb"},"inLanguage":"fr-FR","potentialAction":[{"@type":"ReadAction","target":["https:\/\/www.wood-studio-jardin.fr\/studio-amenage\/extension-maison-toit-plat-bretagne\/"]}]},{"@type":"BreadcrumbList","@id":"https:\/\/www.wood-studio-jardin.fr\/studio-amenage\/extension-maison-toit-plat-bretagne\/#breadcrumb","itemListElement":[{"@type":"ListItem","position":1,"name":"Accueil","item":"https:\/\/www.wood-studio-jardin.fr\/"},{"@type":"ListItem","position":2,"name":"Extension de maison toit plat &#8211; Bretagne"}]},{"@type":"Person","@id":"https:\/\/www.wood-studio-jardin.fr\/#\/schema\/person\/ed515d6da7c9ad0c0aab56fe3732537d","name":"pauline@activ-communication.com","image":{"@type":"ImageObject","inLanguage":"fr-FR","@id":"https:\/\/www.wood-studio-jardin.fr\/#\/schema\/person\/image\/","url":"https:\/\/secure.gravatar.com\/avatar\/dbb4a53579c742ed4f74eb70a380fea0?s=96&d=mm&r=g","contentUrl":"https:\/\/secure.gravatar.com\/avatar\/dbb4a53579c742ed4f74eb70a380fea0?s=96&d=mm&r=g","caption":"pauline@activ-communication.com"},"sameAs":["http:\/\/ben@webdesign29.net"],"url":"https:\/\/www.wood-studio-jardin.fr\/author\/paulineactiv-communication-com\/"}]},"og_availability":"instock","product_availability":"instock","product_retailer_item_id":"wood-001-1-2-1-1","product_condition":"new"},"_links":{"self":[{"href":"https:\/\/www.wood-studio-jardin.fr\/api\/wp\/v2\/posts\/35207"}],"collection":[{"href":"https:\/\/www.wood-studio-jardin.fr\/api\/wp\/v2\/posts"}],"about":[{"href":"https:\/\/www.wood-studio-jardin.fr\/api\/wp\/v2\/types\/post"}],"author":[{"embeddable":true,"href":"https:\/\/www.wood-studio-jardin.fr\/api\/wp\/v2\/users\/1350"}],"replies":[{"embeddable":true,"href":"https:\/\/www.wood-studio-jardin.fr\/api\/wp\/v2\/comments?post=35207"}],"version-history":[{"count":53,"href":"https:\/\/www.wood-studio-jardin.fr\/api\/wp\/v2\/posts\/35207\/revisions"}],"predecessor-version":[{"id":35367,"href":"https:\/\/www.wood-studio-jardin.fr\/api\/wp\/v2\/posts\/35207\/revisions\/35367"}],"wp:featuredmedia":[{"embeddable":true,"href":"https:\/\/www.wood-studio-jardin.fr\/api\/wp\/v2\/media\/35231"}],"wp:attachment":[{"href":"https:\/\/www.wood-studio-jardin.fr\/api\/wp\/v2\/media?parent=35207"}],"wp:term":[{"taxonomy":"category","embeddable":true,"href":"https:\/\/www.wood-studio-jardin.fr\/api\/wp\/v2\/categories?post=35207"},{"taxonomy":"post_tag","embeddable":true,"href":"https:\/\/www.wood-studio-jardin.fr\/api\/wp\/v2\/tags?post=35207"}],"curies":[{"name":"wp","href":"https:\/\/api.w.org\/{rel}","templated":true}]}}